{"id":22524,"date":"2022-04-02T00:35:05","date_gmt":"2022-04-01T22:35:05","guid":{"rendered":"https:\/\/agora.xtec.cat\/escola-bernatmetgeelprat\/?p=22524"},"modified":"2022-11-30T14:09:34","modified_gmt":"2022-11-30T13:09:34","slug":"tercer-dia-derasmus-en-serbia","status":"publish","type":"post","link":"https:\/\/agora.xtec.cat\/escola-bernatmetgeelprat\/general\/tercer-dia-derasmus-en-serbia\/","title":{"rendered":"Tercer dia d&#8217;Erasmus en Serbia"},"content":{"rendered":"<p style=\"text-align: justify;\">El dimecres 27 de mar\u00e7 pel mat\u00ed vam tenir un petit descans per anar a visitar el llac Borkovac. D&#8217;aquesta manera fent un bonic passeig vam arribar fins al llac on moltes fam\u00edlies de Ruma van a passar els caps de setmana. \u00c9s un espai molt bonic enmig de la natura amb moltes taules per poder passar un dia de p\u00edcnic.<\/p>\n<p style=\"text-align: justify;\">A m\u00e9s vam gaudir d&#8217;un passeig en bicicleta al voltant del llac i vam poder dinar en un restaurant que estava all\u00e0 a prop.<\/p>\n<p style=\"text-align: justify;\">Per la tarda vam reprendre la feina i vam tenir el plaer de visitar la classe d&#8217;inform\u00e0tica on vam veure treballar a alumnes de 3r i de 6\u00e8. En aquesta classe els alumnes estaven fent un projecte molt interessant amb plaques de Microbit, van utilitzar aquestes plaques per donar vida a uns robots de cartr\u00f3.<\/p>\n<p style=\"text-align: justify;\">A continuaci\u00f3 vam anar a la classe de 5\u00e8 a veure una classe de llengua on la mestra va utilitzar diferents recursos tecnol\u00f2gics per anar treballant la hist\u00f2ria de Robison Crusoe. Finalment vam poder gaudir dins d&#8217;una classe de tecnologia on els alumnes de sis\u00e8 van dissenyar les seves pr\u00f2pies cases amb un programa d&#8217;ordinador.<\/p>\n<p style=\"text-align: justify;\">Va ser una tarda plena d&#8217;aprenentatges i de moments molt divertits!<\/p>\n<p style=\"text-align: justify;\">Despr\u00e9s de passar per les classes l&#8217;Olga i el Jorge van realitzar un taller de rob\u00f2tica i programaci\u00f3 on van presentar als companys i companyes de Ruma diferents materials i aplicacions que utilitzem a la nostra escola com els Beebots i la rob\u00f2tica de Lego.<\/p>\n<p style=\"text-align: justify;\">Per tancar el dia els nostres amics de S\u00e8rbia ens van preparar un berenar-sopar amb els productes t\u00edpics catalans que els hi vam portar i productes t\u00edpics de S\u00e8rbia.<\/p>\n<p style=\"text-align: justify;\">Va ser un dia genial!<\/p>\n<p><a href=\"https:\/\/photos.app.goo.gl\/gvGpSb6ZYB9zrYxt7\" target=\"_blank\" rel=\"noopener\"><img loading=\"lazy\" decoding=\"async\" class=\"aligncenter size-full wp-image-22525\" src=\"https:\/\/agora.xtec.cat\/escola-bernatmetgeelprat\/wp-content\/uploads\/usu186\/2022\/04\/IMG-20220402-WA0000.jpg\" alt=\"\" width=\"1280\" height=\"960\" srcset=\"https:\/\/agora.xtec.cat\/escola-bernatmetgeelprat\/wp-content\/uploads\/usu186\/2022\/04\/IMG-20220402-WA0000.jpg 1280w, https:\/\/agora.xtec.cat\/escola-bernatmetgeelprat\/wp-content\/uploads\/usu186\/2022\/04\/IMG-20220402-WA0000-300x225.jpg 300w, https:\/\/agora.xtec.cat\/escola-bernatmetgeelprat\/wp-content\/uploads\/usu186\/2022\/04\/IMG-20220402-WA0000-1024x768.jpg 1024w, https:\/\/agora.xtec.cat\/escola-bernatmetgeelprat\/wp-content\/uploads\/usu186\/2022\/04\/IMG-20220402-WA0000-768x576.jpg 768w, https:\/\/agora.xtec.cat\/escola-bernatmetgeelprat\/wp-content\/uploads\/usu186\/2022\/04\/IMG-20220402-WA0000-200x150.jpg 200w\" sizes=\"auto, (max-width: 1280px) 100vw, 1280px\" \/><\/a><\/p>\n<p>Clicant a la imatge podreu accedir a l\u2019\u00e0lbum de fotografies.<\/p>\n<p style=\"text-align: justify;\">El proyecto \u201cTechnology that helps everyone to learn\u201d est\u00e1 cofinanciado por el programa Erasmus+ de la Uni\u00f3n Europea. El contenido de esta publicaci\u00f3n es responsabilidad exclusiva de la Escuela Bernat Metge y ni la Comisi\u00f3n Europea, ni el Servicio Espa\u00f1ol para la Internacionalizaci\u00f3n de la Educaci\u00f3n (SEPIE) son responsables del uso que pueda hacerse de la informaci\u00f3n aqu\u00ed difundida.<\/p>\n<p><a href=\"https:\/\/agora.xtec.cat\/escola-bernatmetgeelprat\/wp-content\/uploads\/usu186\/2022\/11\/es_cofinanciado_por_la_union_europea_pos.png\"><img loading=\"lazy\" decoding=\"async\" class=\"aligncenter wp-image-23230 size-large\" src=\"https:\/\/agora.xtec.cat\/escola-bernatmetgeelprat\/wp-content\/uploads\/usu186\/2022\/11\/es_cofinanciado_por_la_union_europea_pos-1024x215.png\" sizes=\"auto, (max-width: 1024px) 100vw, 1024px\" srcset=\"https:\/\/agora.xtec.cat\/escola-bernatmetgeelprat\/wp-content\/uploads\/usu186\/2022\/11\/es_cofinanciado_por_la_union_europea_pos-1024x215.png 1024w, https:\/\/agora.xtec.cat\/escola-bernatmetgeelprat\/wp-content\/uploads\/usu186\/2022\/11\/es_cofinanciado_por_la_union_europea_pos-300x63.png 300w, https:\/\/agora.xtec.cat\/escola-bernatmetgeelprat\/wp-content\/uploads\/usu186\/2022\/11\/es_cofinanciado_por_la_union_europea_pos-768x161.png 768w, https:\/\/agora.xtec.cat\/escola-bernatmetgeelprat\/wp-content\/uploads\/usu186\/2022\/11\/es_cofinanciado_por_la_union_europea_pos-1536x322.png 1536w, https:\/\/agora.xtec.cat\/escola-bernatmetgeelprat\/wp-content\/uploads\/usu186\/2022\/11\/es_cofinanciado_por_la_union_europea_pos-2048x429.png 2048w\" alt=\"\" width=\"1024\" height=\"215\" \/><\/a><\/p>\n","protected":false},"excerpt":{"rendered":"<p>El dimecres 27 de mar\u00e7 pel mat\u00ed vam tenir un petit descans per anar a visitar el llac Borkovac. D&#8217;aquesta manera fent un bonic passeig vam arribar fins al llac on moltes fam\u00edlies de Ruma van a passar els caps de setmana. \u00c9s un espai&hellip;  <a href=\"https:\/\/agora.xtec.cat\/escola-bernatmetgeelprat\/general\/tercer-dia-derasmus-en-serbia\/\" title=\"Read Tercer dia d&#8217;Erasmus en Serbia\">Llegeix m\u00e9s\u00bb<\/a><\/p>\n","protected":false},"author":1,"featured_media":0,"comment_status":"open","ping_status":"closed","sticky":false,"template":"","format":"standard","meta":{"_bbp_topic_count":0,"_bbp_reply_count":0,"_bbp_total_topic_count":0,"_bbp_total_reply_count":0,"_bbp_voice_count":0,"_bbp_anonymous_reply_count":0,"_bbp_topic_count_hidden":0,"_bbp_reply_count_hidden":0,"_bbp_forum_subforum_count":0,"footnotes":""},"categories":[114,62,76,1,4,30],"tags":[],"class_list":["post-22524","post","type-post","status-publish","format-standard","hentry","category-erasmus","category-escola-plurilingue-gep","category-etwinning-projects","category-general","category-portada","category-projectes"],"post_mailing_queue_ids":[],"_links":{"self":[{"href":"https:\/\/agora.xtec.cat\/escola-bernatmetgeelprat\/wp-json\/wp\/v2\/posts\/22524","targetHints":{"allow":["GET"]}}],"collection":[{"href":"https:\/\/agora.xtec.cat\/escola-bernatmetgeelprat\/wp-json\/wp\/v2\/posts"}],"about":[{"href":"https:\/\/agora.xtec.cat\/escola-bernatmetgeelprat\/wp-json\/wp\/v2\/types\/post"}],"author":[{"embeddable":true,"href":"https:\/\/agora.xtec.cat\/escola-bernatmetgeelprat\/wp-json\/wp\/v2\/users\/1"}],"replies":[{"embeddable":true,"href":"https:\/\/agora.xtec.cat\/escola-bernatmetgeelprat\/wp-json\/wp\/v2\/comments?post=22524"}],"version-history":[{"count":3,"href":"https:\/\/agora.xtec.cat\/escola-bernatmetgeelprat\/wp-json\/wp\/v2\/posts\/22524\/revisions"}],"predecessor-version":[{"id":23242,"href":"https:\/\/agora.xtec.cat\/escola-bernatmetgeelprat\/wp-json\/wp\/v2\/posts\/22524\/revisions\/23242"}],"wp:attachment":[{"href":"https:\/\/agora.xtec.cat\/escola-bernatmetgeelprat\/wp-json\/wp\/v2\/media?parent=22524"}],"wp:term":[{"taxonomy":"category","embeddable":true,"href":"https:\/\/agora.xtec.cat\/escola-bernatmetgeelprat\/wp-json\/wp\/v2\/categories?post=22524"},{"taxonomy":"post_tag","embeddable":true,"href":"https:\/\/agora.xtec.cat\/escola-bernatmetgeelprat\/wp-json\/wp\/v2\/tags?post=22524"}],"curies":[{"name":"wp","href":"https:\/\/api.w.org\/{rel}","templated":true}]}}