{"id":22428,"date":"2022-04-03T10:05:07","date_gmt":"2022-04-03T08:05:07","guid":{"rendered":"https:\/\/agora.xtec.cat\/escola-bernatmetgeelprat\/?p=22428"},"modified":"2022-04-03T10:05:07","modified_gmt":"2022-04-03T08:05:07","slug":"ei4-fem-un-extraterrestre","status":"publish","type":"post","link":"https:\/\/agora.xtec.cat\/escola-bernatmetgeelprat\/general\/ei4-fem-un-extraterrestre\/","title":{"rendered":"EI4 Fem un extraterrestre"},"content":{"rendered":"<p style=\"text-align: justify;\">Els alumnes\u00a0<span class=\"hiddenGrammarError\">de EI4<\/span>\u00a0fa molts mesos que estan aprenent coses relacionades amb els extraterrestres\u00a0<span class=\"hiddenGrammarError\" style=\"padding-bottom: 2px; background-image: url('..\/..\/..\/..\/..\/images\/squiggle.png'); background-position: left bottom; cursor: default; color: #000000; font-family: 'Open Sans', Helvetica, Arial, sans-serif; font-size: 16px; font-style: normal; font-weight: 300; letter-spacing: normal; text-align: start; text-indent: 0px; text-transform: none;\">(<\/span>com s\u00f3n, on viuen, que mengen, quins vehicles utilitzen per moure&#8217;s, entre altres&#8230;) Doncs, aprofitant l&#8217;ambient d&#8217;art, els nens i les nenes <span class=\"hiddenGrammarError\">de EI4<\/span> han creat el seu propi extraterrestre. Per poder executar aquesta activitat, els infants han fet servir pasta blanca de modelatge. Durant aquesta activitat, els alumnes han deixat anar la seva creativitat per crear magn\u00edfics i diferents extraterrestres.<\/p>\n<p><a href=\"https:\/\/photos.app.goo.gl\/wMS6KesaNPmRbUJv8\" target=\"_blank\" rel=\"noopener\"><img loading=\"lazy\" decoding=\"async\" class=\"wp-image-22429 aligncenter\" src=\"https:\/\/agora.xtec.cat\/escola-bernatmetgeelprat\/wp-content\/uploads\/usu186\/2022\/03\/1647161040084.jpg\" alt=\"\" width=\"501\" height=\"376\" srcset=\"https:\/\/agora.xtec.cat\/escola-bernatmetgeelprat\/wp-content\/uploads\/usu186\/2022\/03\/1647161040084.jpg 1024w, https:\/\/agora.xtec.cat\/escola-bernatmetgeelprat\/wp-content\/uploads\/usu186\/2022\/03\/1647161040084-300x225.jpg 300w, https:\/\/agora.xtec.cat\/escola-bernatmetgeelprat\/wp-content\/uploads\/usu186\/2022\/03\/1647161040084-768x576.jpg 768w, https:\/\/agora.xtec.cat\/escola-bernatmetgeelprat\/wp-content\/uploads\/usu186\/2022\/03\/1647161040084-200x150.jpg 200w\" sizes=\"auto, (max-width: 501px) 100vw, 501px\" \/><\/a><\/p>\n<p style=\"text-align: justify;\">Clicant a la imatge podreu accedir a l\u2019\u00e0lbum de fotografies.<\/p>\n<p style=\"text-align: justify;\">(Av\u00eds: La publicaci\u00f3 d\u2019imatges de l\u2019alumnat de l\u2019escola correspon \u00fanicament a la pr\u00f2pia escola. Per tant, \u00e9s prohibida la difusi\u00f3 o manipulaci\u00f3 en d\u2019altres espais p\u00fablics. Llei org\u00e0nica 1\/1982 de 5 de maig sobre el dret a l\u2019honor, a la pr\u00f2pia intimitat i la pr\u00f2pia imatge.)<\/p>\n<p>&nbsp;<\/p>\n","protected":false},"excerpt":{"rendered":"<p>Els alumnes\u00a0de EI4\u00a0fa molts mesos que estan aprenent coses relacionades amb els extraterrestres\u00a0(com s\u00f3n, on viuen, que mengen, quins vehicles utilitzen per moure&#8217;s, entre altres&#8230;) Doncs, aprofitant l&#8217;ambient d&#8217;art, els nens i les nenes de EI4 han creat el seu propi extraterrestre. Per poder executar&hellip;  <a href=\"https:\/\/agora.xtec.cat\/escola-bernatmetgeelprat\/general\/ei4-fem-un-extraterrestre\/\" title=\"Read EI4 Fem un extraterrestre\">Llegeix m\u00e9s\u00bb<\/a><\/p>\n","protected":false},"author":1,"featured_media":0,"comment_status":"open","ping_status":"closed","sticky":false,"template":"","format":"standard","meta":{"_bbp_topic_count":0,"_bbp_reply_count":0,"_bbp_total_topic_count":0,"_bbp_total_reply_count":0,"_bbp_voice_count":0,"_bbp_anonymous_reply_count":0,"_bbp_topic_count_hidden":0,"_bbp_reply_count_hidden":0,"_bbp_forum_subforum_count":0,"footnotes":""},"categories":[64,1,8,2,4,30,74],"tags":[],"class_list":["post-22428","post","type-post","status-publish","format-standard","hentry","category-ambients","category-general","category-i4","category-infantil","category-portada","category-projectes","category-treball-per-projectes"],"post_mailing_queue_ids":[],"_links":{"self":[{"href":"https:\/\/agora.xtec.cat\/escola-bernatmetgeelprat\/wp-json\/wp\/v2\/posts\/22428","targetHints":{"allow":["GET"]}}],"collection":[{"href":"https:\/\/agora.xtec.cat\/escola-bernatmetgeelprat\/wp-json\/wp\/v2\/posts"}],"about":[{"href":"https:\/\/agora.xtec.cat\/escola-bernatmetgeelprat\/wp-json\/wp\/v2\/types\/post"}],"author":[{"embeddable":true,"href":"https:\/\/agora.xtec.cat\/escola-bernatmetgeelprat\/wp-json\/wp\/v2\/users\/1"}],"replies":[{"embeddable":true,"href":"https:\/\/agora.xtec.cat\/escola-bernatmetgeelprat\/wp-json\/wp\/v2\/comments?post=22428"}],"version-history":[{"count":2,"href":"https:\/\/agora.xtec.cat\/escola-bernatmetgeelprat\/wp-json\/wp\/v2\/posts\/22428\/revisions"}],"predecessor-version":[{"id":22542,"href":"https:\/\/agora.xtec.cat\/escola-bernatmetgeelprat\/wp-json\/wp\/v2\/posts\/22428\/revisions\/22542"}],"wp:attachment":[{"href":"https:\/\/agora.xtec.cat\/escola-bernatmetgeelprat\/wp-json\/wp\/v2\/media?parent=22428"}],"wp:term":[{"taxonomy":"category","embeddable":true,"href":"https:\/\/agora.xtec.cat\/escola-bernatmetgeelprat\/wp-json\/wp\/v2\/categories?post=22428"},{"taxonomy":"post_tag","embeddable":true,"href":"https:\/\/agora.xtec.cat\/escola-bernatmetgeelprat\/wp-json\/wp\/v2\/tags?post=22428"}],"curies":[{"name":"wp","href":"https:\/\/api.w.org\/{rel}","templated":true}]}}