{"id":22277,"date":"2022-02-23T09:59:06","date_gmt":"2022-02-23T08:59:06","guid":{"rendered":"https:\/\/agora.xtec.cat\/escola-bernatmetgeelprat\/?p=22277"},"modified":"2022-02-24T10:05:08","modified_gmt":"2022-02-24T09:05:08","slug":"inici-prestec-llibres-biblioteca","status":"publish","type":"post","link":"https:\/\/agora.xtec.cat\/escola-bernatmetgeelprat\/general\/inici-prestec-llibres-biblioteca\/","title":{"rendered":"Inici pr\u00e9stec llibres Biblioteca"},"content":{"rendered":"<p style=\"text-align: justify;\">El passat dimecres 16 de febrer es va iniciar el pr\u00e9stec de llibres a la Biblioteca de l&#8217;escola.<\/p>\n<p style=\"text-align: justify;\">D&#8217;aquesta manera cada dimecres de 16:30 a 17:30 les fam\u00edlies de l&#8217;escola podran accedir a la Biblioteca amb els seus fills i filles per agafar algun llibre de l&#8217;escola.<\/p>\n<p style=\"text-align: justify;\">Us esperem!<\/p>\n<p><a href=\"https:\/\/photos.app.goo.gl\/HrTjoKXTqTPpd7Kx6\" target=\"_blank\" rel=\"noopener\"><img loading=\"lazy\" decoding=\"async\" class=\"aligncenter size-full wp-image-22278\" src=\"https:\/\/agora.xtec.cat\/escola-bernatmetgeelprat\/wp-content\/uploads\/usu186\/2022\/02\/IMG_20220216_164748-scaled.jpg\" alt=\"\" width=\"2560\" height=\"1920\" srcset=\"https:\/\/agora.xtec.cat\/escola-bernatmetgeelprat\/wp-content\/uploads\/usu186\/2022\/02\/IMG_20220216_164748-scaled.jpg 2560w, https:\/\/agora.xtec.cat\/escola-bernatmetgeelprat\/wp-content\/uploads\/usu186\/2022\/02\/IMG_20220216_164748-300x225.jpg 300w, https:\/\/agora.xtec.cat\/escola-bernatmetgeelprat\/wp-content\/uploads\/usu186\/2022\/02\/IMG_20220216_164748-1024x768.jpg 1024w, https:\/\/agora.xtec.cat\/escola-bernatmetgeelprat\/wp-content\/uploads\/usu186\/2022\/02\/IMG_20220216_164748-768x576.jpg 768w, https:\/\/agora.xtec.cat\/escola-bernatmetgeelprat\/wp-content\/uploads\/usu186\/2022\/02\/IMG_20220216_164748-1536x1152.jpg 1536w, https:\/\/agora.xtec.cat\/escola-bernatmetgeelprat\/wp-content\/uploads\/usu186\/2022\/02\/IMG_20220216_164748-2048x1536.jpg 2048w, https:\/\/agora.xtec.cat\/escola-bernatmetgeelprat\/wp-content\/uploads\/usu186\/2022\/02\/IMG_20220216_164748-200x150.jpg 200w\" sizes=\"auto, (max-width: 2560px) 100vw, 2560px\" \/><\/a><\/p>\n<p style=\"text-align: justify;\">Clicant a la imatge podreu accedir a l\u2019\u00e0lbum de fotografies.<\/p>\n<p style=\"text-align: justify;\">(Av\u00eds: La publicaci\u00f3 d\u2019imatges de l\u2019alumnat de l\u2019escola correspon \u00fanicament a la pr\u00f2pia escola. Per tant, \u00e9s prohibida la difusi\u00f3 o manipulaci\u00f3 en d\u2019altres espais p\u00fablics. Llei org\u00e0nica 1\/1982 de 5 de maig sobre el dret a l\u2019honor, a la pr\u00f2pia intimitat i la pr\u00f2pia imatge.)<\/p>\n<p style=\"text-align: justify;\">\n","protected":false},"excerpt":{"rendered":"<p>El passat dimecres 16 de febrer es va iniciar el pr\u00e9stec de llibres a la Biblioteca de l&#8217;escola.<br \/>\nD&#8217;aquesta manera cada dimecres de 16:30 a 17:30 les fam\u00edlies de l&#8217;escola podran accedir a la Biblioteca amb els seus fills i filles per agafar algun llibre de&hellip;  <a href=\"https:\/\/agora.xtec.cat\/escola-bernatmetgeelprat\/general\/inici-prestec-llibres-biblioteca\/\" title=\"Read Inici pr\u00e9stec llibres Biblioteca\">Llegeix m\u00e9s\u00bb<\/a><\/p>\n","protected":false},"author":1,"featured_media":0,"comment_status":"open","ping_status":"closed","sticky":false,"template":"","format":"standard","meta":{"_bbp_topic_count":0,"_bbp_reply_count":0,"_bbp_total_topic_count":0,"_bbp_total_reply_count":0,"_bbp_voice_count":0,"_bbp_anonymous_reply_count":0,"_bbp_topic_count_hidden":0,"_bbp_reply_count_hidden":0,"_bbp_forum_subforum_count":0,"footnotes":""},"categories":[110,1,77,4,30],"tags":[],"class_list":["post-22277","post","type-post","status-publish","format-standard","hentry","category-biblioteca","category-general","category-participacio-families","category-portada","category-projectes"],"post_mailing_queue_ids":[],"_links":{"self":[{"href":"https:\/\/agora.xtec.cat\/escola-bernatmetgeelprat\/wp-json\/wp\/v2\/posts\/22277","targetHints":{"allow":["GET"]}}],"collection":[{"href":"https:\/\/agora.xtec.cat\/escola-bernatmetgeelprat\/wp-json\/wp\/v2\/posts"}],"about":[{"href":"https:\/\/agora.xtec.cat\/escola-bernatmetgeelprat\/wp-json\/wp\/v2\/types\/post"}],"author":[{"embeddable":true,"href":"https:\/\/agora.xtec.cat\/escola-bernatmetgeelprat\/wp-json\/wp\/v2\/users\/1"}],"replies":[{"embeddable":true,"href":"https:\/\/agora.xtec.cat\/escola-bernatmetgeelprat\/wp-json\/wp\/v2\/comments?post=22277"}],"version-history":[{"count":2,"href":"https:\/\/agora.xtec.cat\/escola-bernatmetgeelprat\/wp-json\/wp\/v2\/posts\/22277\/revisions"}],"predecessor-version":[{"id":22280,"href":"https:\/\/agora.xtec.cat\/escola-bernatmetgeelprat\/wp-json\/wp\/v2\/posts\/22277\/revisions\/22280"}],"wp:attachment":[{"href":"https:\/\/agora.xtec.cat\/escola-bernatmetgeelprat\/wp-json\/wp\/v2\/media?parent=22277"}],"wp:term":[{"taxonomy":"category","embeddable":true,"href":"https:\/\/agora.xtec.cat\/escola-bernatmetgeelprat\/wp-json\/wp\/v2\/categories?post=22277"},{"taxonomy":"post_tag","embeddable":true,"href":"https:\/\/agora.xtec.cat\/escola-bernatmetgeelprat\/wp-json\/wp\/v2\/tags?post=22277"}],"curies":[{"name":"wp","href":"https:\/\/api.w.org\/{rel}","templated":true}]}}