{"id":22020,"date":"2021-12-21T17:24:17","date_gmt":"2021-12-21T16:24:17","guid":{"rendered":"https:\/\/agora.xtec.cat\/escola-bernatmetgeelprat\/?p=22020"},"modified":"2021-12-21T17:24:40","modified_gmt":"2021-12-21T16:24:40","slug":"nedem-i-gaudim","status":"publish","type":"post","link":"https:\/\/agora.xtec.cat\/escola-bernatmetgeelprat\/general\/nedem-i-gaudim\/","title":{"rendered":"Nedem i gaudim!"},"content":{"rendered":"<p style=\"text-align: justify;\">L&#8217;alumnat de 1r i 2n aquest any a l&#8217;\u00e0rea d&#8217;Educaci\u00f3 F\u00edsica estan aprenent a nedar. Cadasc\u00fa al seu ritme van avan\u00e7ant amb i sense xurro, floten i neden. Al vestuari cada vegada es vesteixen amb m\u00e9s autonomia.<\/p>\n<p style=\"text-align: justify;\">El dia 11 de gener continuarem amb l&#8217;activitat i confiem en que no faltin a cap classe i vinguin ben equipats. Segur que aix\u00ed aprendran el m\u00e0xim possible i podran gaudir del bany aquest estiu.<\/p>\n<p style=\"text-align: justify;\">Gr\u00e0cies a totes les fam\u00edlies que col\u00b7laboren!<\/p>\n<p><strong>Fotos de 2n<\/strong><\/p>\n<p><a href=\"https:\/\/photos.app.goo.gl\/B1NahrdionbX1Wdv9\"><img loading=\"lazy\" decoding=\"async\" class=\"alignnone wp-image-22022 size-large\" src=\"https:\/\/agora.xtec.cat\/escola-bernatmetgeelprat\/wp-content\/uploads\/usu186\/2021\/12\/WhatsApp-Image-2021-12-20-at-13.21.47-1-1024x768.jpeg\" alt=\"\" width=\"1024\" height=\"768\" srcset=\"https:\/\/agora.xtec.cat\/escola-bernatmetgeelprat\/wp-content\/uploads\/usu186\/2021\/12\/WhatsApp-Image-2021-12-20-at-13.21.47-1-1024x768.jpeg 1024w, https:\/\/agora.xtec.cat\/escola-bernatmetgeelprat\/wp-content\/uploads\/usu186\/2021\/12\/WhatsApp-Image-2021-12-20-at-13.21.47-1-300x225.jpeg 300w, https:\/\/agora.xtec.cat\/escola-bernatmetgeelprat\/wp-content\/uploads\/usu186\/2021\/12\/WhatsApp-Image-2021-12-20-at-13.21.47-1-768x576.jpeg 768w, https:\/\/agora.xtec.cat\/escola-bernatmetgeelprat\/wp-content\/uploads\/usu186\/2021\/12\/WhatsApp-Image-2021-12-20-at-13.21.47-1-1536x1152.jpeg 1536w, https:\/\/agora.xtec.cat\/escola-bernatmetgeelprat\/wp-content\/uploads\/usu186\/2021\/12\/WhatsApp-Image-2021-12-20-at-13.21.47-1-200x150.jpeg 200w, https:\/\/agora.xtec.cat\/escola-bernatmetgeelprat\/wp-content\/uploads\/usu186\/2021\/12\/WhatsApp-Image-2021-12-20-at-13.21.47-1.jpeg 1600w\" sizes=\"auto, (max-width: 1024px) 100vw, 1024px\" \/><\/a><\/p>\n<p><strong>Fotos de 1r<\/strong><\/p>\n<p><a href=\"https:\/\/photos.app.goo.gl\/fFc4gvKhafD9QnTVA\"><img loading=\"lazy\" decoding=\"async\" class=\"alignnone wp-image-22024 size-large\" src=\"https:\/\/agora.xtec.cat\/escola-bernatmetgeelprat\/wp-content\/uploads\/usu186\/2021\/12\/WhatsApp-Image-2021-12-20-at-13.14.50-3-1024x512.jpeg\" alt=\"\" width=\"1024\" height=\"512\" srcset=\"https:\/\/agora.xtec.cat\/escola-bernatmetgeelprat\/wp-content\/uploads\/usu186\/2021\/12\/WhatsApp-Image-2021-12-20-at-13.14.50-3-1024x512.jpeg 1024w, https:\/\/agora.xtec.cat\/escola-bernatmetgeelprat\/wp-content\/uploads\/usu186\/2021\/12\/WhatsApp-Image-2021-12-20-at-13.14.50-3-300x150.jpeg 300w, https:\/\/agora.xtec.cat\/escola-bernatmetgeelprat\/wp-content\/uploads\/usu186\/2021\/12\/WhatsApp-Image-2021-12-20-at-13.14.50-3-768x384.jpeg 768w, https:\/\/agora.xtec.cat\/escola-bernatmetgeelprat\/wp-content\/uploads\/usu186\/2021\/12\/WhatsApp-Image-2021-12-20-at-13.14.50-3-1536x768.jpeg 1536w, https:\/\/agora.xtec.cat\/escola-bernatmetgeelprat\/wp-content\/uploads\/usu186\/2021\/12\/WhatsApp-Image-2021-12-20-at-13.14.50-3.jpeg 2048w\" sizes=\"auto, (max-width: 1024px) 100vw, 1024px\" \/><\/a><\/p>\n<p style=\"text-align: justify;\">Clicant a la imatge podreu accedir a l\u2019\u00e0lbum de fotografies.<\/p>\n<p style=\"text-align: justify;\">(Av\u00eds: La publicaci\u00f3 d\u2019imatges de l\u2019alumnat de l\u2019escola correspon \u00fanicament a la pr\u00f2pia escola. Per tant, \u00e9s prohibida la difusi\u00f3 o manipulaci\u00f3 en d\u2019altres espais p\u00fablics. Llei org\u00e0nica 1\/1982 de 5 de maig sobre el dret a l\u2019honor, a la pr\u00f2pia intimitat i la pr\u00f2pia imatge.)<\/p>\n","protected":false},"excerpt":{"rendered":"<p>L&#8217;alumnat de 1r i 2n aquest any a l&#8217;\u00e0rea d&#8217;Educaci\u00f3 F\u00edsica estan aprenent a nedar. Cadasc\u00fa al seu ritme van avan\u00e7ant amb i sense xurro, floten i neden. Al vestuari cada vegada es vesteixen amb m\u00e9s autonomia.<br \/>\nEl dia 11 de gener continuarem amb l&#8217;activitat i&hellip;  <a href=\"https:\/\/agora.xtec.cat\/escola-bernatmetgeelprat\/general\/nedem-i-gaudim\/\" title=\"Read Nedem i gaudim!\">Llegeix m\u00e9s\u00bb<\/a><\/p>\n","protected":false},"author":1,"featured_media":0,"comment_status":"open","ping_status":"closed","sticky":false,"template":"","format":"standard","meta":{"_bbp_topic_count":0,"_bbp_reply_count":0,"_bbp_total_topic_count":0,"_bbp_total_reply_count":0,"_bbp_voice_count":0,"_bbp_anonymous_reply_count":0,"_bbp_topic_count_hidden":0,"_bbp_reply_count_hidden":0,"_bbp_forum_subforum_count":0,"footnotes":""},"categories":[10,11,25,1,4,5],"tags":[],"class_list":["post-22020","post","type-post","status-publish","format-standard","hentry","category-1r","category-2n","category-cicle-inicial","category-general","category-portada","category-primaria"],"post_mailing_queue_ids":[],"_links":{"self":[{"href":"https:\/\/agora.xtec.cat\/escola-bernatmetgeelprat\/wp-json\/wp\/v2\/posts\/22020","targetHints":{"allow":["GET"]}}],"collection":[{"href":"https:\/\/agora.xtec.cat\/escola-bernatmetgeelprat\/wp-json\/wp\/v2\/posts"}],"about":[{"href":"https:\/\/agora.xtec.cat\/escola-bernatmetgeelprat\/wp-json\/wp\/v2\/types\/post"}],"author":[{"embeddable":true,"href":"https:\/\/agora.xtec.cat\/escola-bernatmetgeelprat\/wp-json\/wp\/v2\/users\/1"}],"replies":[{"embeddable":true,"href":"https:\/\/agora.xtec.cat\/escola-bernatmetgeelprat\/wp-json\/wp\/v2\/comments?post=22020"}],"version-history":[{"count":3,"href":"https:\/\/agora.xtec.cat\/escola-bernatmetgeelprat\/wp-json\/wp\/v2\/posts\/22020\/revisions"}],"predecessor-version":[{"id":22028,"href":"https:\/\/agora.xtec.cat\/escola-bernatmetgeelprat\/wp-json\/wp\/v2\/posts\/22020\/revisions\/22028"}],"wp:attachment":[{"href":"https:\/\/agora.xtec.cat\/escola-bernatmetgeelprat\/wp-json\/wp\/v2\/media?parent=22020"}],"wp:term":[{"taxonomy":"category","embeddable":true,"href":"https:\/\/agora.xtec.cat\/escola-bernatmetgeelprat\/wp-json\/wp\/v2\/categories?post=22020"},{"taxonomy":"post_tag","embeddable":true,"href":"https:\/\/agora.xtec.cat\/escola-bernatmetgeelprat\/wp-json\/wp\/v2\/tags?post=22020"}],"curies":[{"name":"wp","href":"https:\/\/api.w.org\/{rel}","templated":true}]}}