{"id":21425,"date":"2021-06-15T17:48:02","date_gmt":"2021-06-15T15:48:02","guid":{"rendered":"https:\/\/agora.xtec.cat\/escola-bernatmetgeelprat\/?p=21425"},"modified":"2021-06-15T17:48:02","modified_gmt":"2021-06-15T15:48:02","slug":"sortida-al-parc-del-riu","status":"publish","type":"post","link":"https:\/\/agora.xtec.cat\/escola-bernatmetgeelprat\/general\/sortida-al-parc-del-riu\/","title":{"rendered":"Sortida al parc del riu"},"content":{"rendered":"<p>Fa uns dies, el grup de 4t va fer una sortida al parc del riu. Els objectius d\u2019aquesta eren descobrir de manera activa alguns dels valors ambientals del parc del riu, donar a con\u00e8ixer la biodiversitat del parc, acostar als alumnes a les plantes i animals tot observant-ne les caracter\u00edstiques i particularitats, aprendre a identificar esp\u00e8cies amb claus dicot\u00f2miques senzilles i reflexionar sobre la import\u00e0ncia de la implicaci\u00f3 de les persones en la conservaci\u00f3 de l\u2019espai p\u00fablic.<\/p>\n<p>Mitjan\u00e7ant una gimcana van poder dur a terme aquest objectius i descobr\u00ed aspectes molt interessant. Van gaudir molt fent l\u2019activitat!!<\/p>\n<p><a href=\"https:\/\/photos.app.goo.gl\/d2s9FrU3qYW9GDYn7\"><img loading=\"lazy\" decoding=\"async\" class=\"alignnone size-full wp-image-21426\" src=\"https:\/\/agora.xtec.cat\/escola-bernatmetgeelprat\/wp-content\/uploads\/usu186\/2021\/06\/IMG-20210608-WA0015.jpg\" alt=\"\" width=\"410\" height=\"410\" srcset=\"https:\/\/agora.xtec.cat\/escola-bernatmetgeelprat\/wp-content\/uploads\/usu186\/2021\/06\/IMG-20210608-WA0015.jpg 410w, https:\/\/agora.xtec.cat\/escola-bernatmetgeelprat\/wp-content\/uploads\/usu186\/2021\/06\/IMG-20210608-WA0015-150x150.jpg 150w, https:\/\/agora.xtec.cat\/escola-bernatmetgeelprat\/wp-content\/uploads\/usu186\/2021\/06\/IMG-20210608-WA0015-300x300.jpg 300w\" sizes=\"auto, (max-width: 410px) 100vw, 410px\" \/><\/a><\/p>\n<p>Clicant a la imatge podreu accedir a l\u2019\u00e0lbum de fotografies i v\u00eddeos.<\/p>\n<p>(Av\u00eds: La publicaci\u00f3 d\u2019imatges de l\u2019alumnat de l\u2019escola correspon \u00fanicament a la pr\u00f2pia escola. Per tant, \u00e9s prohibida la difusi\u00f3 o manipulaci\u00f3 en d\u2019altres espais p\u00fablics. Llei org\u00e0nica 1\/1982 de 5 de maig sobre el dret a l\u2019honor, a la pr\u00f2pia intimitat i la pr\u00f2pia imatge.)<\/p>\n","protected":false},"excerpt":{"rendered":"<p>Fa uns dies, el grup de 4t va fer una sortida al parc del riu. Els objectius d\u2019aquesta eren descobrir de manera activa alguns dels valors ambientals del parc del riu, donar a con\u00e8ixer la biodiversitat del parc, acostar als alumnes a les plantes i&hellip;  <a href=\"https:\/\/agora.xtec.cat\/escola-bernatmetgeelprat\/general\/sortida-al-parc-del-riu\/\" title=\"Read Sortida al parc del riu\">Llegeix m\u00e9s\u00bb<\/a><\/p>\n","protected":false},"author":1,"featured_media":0,"comment_status":"open","ping_status":"closed","sticky":false,"template":"","format":"standard","meta":{"_bbp_topic_count":0,"_bbp_reply_count":0,"_bbp_total_topic_count":0,"_bbp_total_reply_count":0,"_bbp_voice_count":0,"_bbp_anonymous_reply_count":0,"_bbp_topic_count_hidden":0,"_bbp_reply_count_hidden":0,"_bbp_forum_subforum_count":0,"footnotes":""},"categories":[13,26,21,71,1,4,5,74],"tags":[],"class_list":["post-21425","post","type-post","status-publish","format-standard","hentry","category-4t","category-cicle-mitja","category-cicles","category-escola-mes-sostenible","category-general","category-portada","category-primaria","category-treball-per-projectes"],"post_mailing_queue_ids":[],"_links":{"self":[{"href":"https:\/\/agora.xtec.cat\/escola-bernatmetgeelprat\/wp-json\/wp\/v2\/posts\/21425","targetHints":{"allow":["GET"]}}],"collection":[{"href":"https:\/\/agora.xtec.cat\/escola-bernatmetgeelprat\/wp-json\/wp\/v2\/posts"}],"about":[{"href":"https:\/\/agora.xtec.cat\/escola-bernatmetgeelprat\/wp-json\/wp\/v2\/types\/post"}],"author":[{"embeddable":true,"href":"https:\/\/agora.xtec.cat\/escola-bernatmetgeelprat\/wp-json\/wp\/v2\/users\/1"}],"replies":[{"embeddable":true,"href":"https:\/\/agora.xtec.cat\/escola-bernatmetgeelprat\/wp-json\/wp\/v2\/comments?post=21425"}],"version-history":[{"count":2,"href":"https:\/\/agora.xtec.cat\/escola-bernatmetgeelprat\/wp-json\/wp\/v2\/posts\/21425\/revisions"}],"predecessor-version":[{"id":21430,"href":"https:\/\/agora.xtec.cat\/escola-bernatmetgeelprat\/wp-json\/wp\/v2\/posts\/21425\/revisions\/21430"}],"wp:attachment":[{"href":"https:\/\/agora.xtec.cat\/escola-bernatmetgeelprat\/wp-json\/wp\/v2\/media?parent=21425"}],"wp:term":[{"taxonomy":"category","embeddable":true,"href":"https:\/\/agora.xtec.cat\/escola-bernatmetgeelprat\/wp-json\/wp\/v2\/categories?post=21425"},{"taxonomy":"post_tag","embeddable":true,"href":"https:\/\/agora.xtec.cat\/escola-bernatmetgeelprat\/wp-json\/wp\/v2\/tags?post=21425"}],"curies":[{"name":"wp","href":"https:\/\/api.w.org\/{rel}","templated":true}]}}