{"id":21360,"date":"2021-06-09T17:21:20","date_gmt":"2021-06-09T15:21:20","guid":{"rendered":"https:\/\/agora.xtec.cat\/escola-bernatmetgeelprat\/?p=21360"},"modified":"2021-06-10T08:15:43","modified_gmt":"2021-06-10T06:15:43","slug":"first-lego-league-explore-2021-felicitem-als-equips","status":"publish","type":"post","link":"https:\/\/agora.xtec.cat\/escola-bernatmetgeelprat\/general\/first-lego-league-explore-2021-felicitem-als-equips\/","title":{"rendered":"Felicitats als equips participants a la First Lego league explore 2021!!!!"},"content":{"rendered":"<p>El passat dia 1 de juny, un curs m\u00e9s, els nostres equips Power3\u00a0 de 3r i Be-friends de 4t, van fer la presentaci\u00f3 dels projectes que han realitzat durant el curs treballant en equip\u00a0 a la\u00a0 First Lego League explore-digital edition.<\/p>\n<p>Explorant, creant, provant i compartint , van presentar i defensar molt b\u00e9 les seves maquetes i els seus p\u00f2sters i van ser reconegudes amb els <strong>premis al disseny de la maqueta i a la soluci\u00f3 innovadora<\/strong>. Poden estar ben orgulloses de la seva participaci\u00f3! Enhorabona!<\/p>\n<p>Moltes felicitats a tots dos equips de nenes, a les fam\u00edlies,\u00a0 als seus grups de classe i a les seves mestres, Montse i N\u00faria.<\/p>\n<p>Aqu\u00ed us deixem algunes imatges de la jornada tan emocionant que vam viure&#8230;<\/p>\n<p><a href=\"\/\/photos.app.goo.gl\/qpW6zeJye2hUKNSHA\" target=\"_blank\" rel=\"noopener noreferrer\"><img loading=\"lazy\" decoding=\"async\" class=\"aligncenter wp-image-21401 size-large\" src=\"https:\/\/agora.xtec.cat\/escola-bernatmetgeelprat\/wp-content\/uploads\/usu186\/2021\/06\/IMG_20210601_102305-1024x768.jpg\" alt=\"\" width=\"1024\" height=\"768\" srcset=\"https:\/\/agora.xtec.cat\/escola-bernatmetgeelprat\/wp-content\/uploads\/usu186\/2021\/06\/IMG_20210601_102305-1024x768.jpg 1024w, https:\/\/agora.xtec.cat\/escola-bernatmetgeelprat\/wp-content\/uploads\/usu186\/2021\/06\/IMG_20210601_102305-300x225.jpg 300w, https:\/\/agora.xtec.cat\/escola-bernatmetgeelprat\/wp-content\/uploads\/usu186\/2021\/06\/IMG_20210601_102305-768x576.jpg 768w, https:\/\/agora.xtec.cat\/escola-bernatmetgeelprat\/wp-content\/uploads\/usu186\/2021\/06\/IMG_20210601_102305-200x150.jpg 200w\" sizes=\"auto, (max-width: 1024px) 100vw, 1024px\" \/><\/a><\/p>\n<p>&nbsp;<\/p>\n<p><a href=\"https:\/\/photos.app.goo.gl\/ckbUqhzErsZAuifM8\" target=\"_blank\" rel=\"noopener noreferrer\"><img loading=\"lazy\" decoding=\"async\" class=\"aligncenter wp-image-21406 size-large\" src=\"https:\/\/agora.xtec.cat\/escola-bernatmetgeelprat\/wp-content\/uploads\/usu186\/2021\/06\/IMG-20210601-WA0014-COLLAGE-768x1024.jpg\" alt=\"\" width=\"768\" height=\"1024\" srcset=\"https:\/\/agora.xtec.cat\/escola-bernatmetgeelprat\/wp-content\/uploads\/usu186\/2021\/06\/IMG-20210601-WA0014-COLLAGE-768x1024.jpg 768w, https:\/\/agora.xtec.cat\/escola-bernatmetgeelprat\/wp-content\/uploads\/usu186\/2021\/06\/IMG-20210601-WA0014-COLLAGE-225x300.jpg 225w, https:\/\/agora.xtec.cat\/escola-bernatmetgeelprat\/wp-content\/uploads\/usu186\/2021\/06\/IMG-20210601-WA0014-COLLAGE.jpg 1121w\" sizes=\"auto, (max-width: 768px) 100vw, 768px\" \/><\/a><\/p>\n<p>&nbsp;<\/p>\n<p>Clicant a la imatge podreu accedir a l\u2019\u00e0lbum de fotografies i v\u00eddeos.<\/p>\n<p>(Av\u00eds: La publicaci\u00f3 d\u2019imatges de l\u2019alumnat de l\u2019escola correspon \u00fanicament a la pr\u00f2pia escola. Per tant, \u00e9s prohibida la difusi\u00f3 o manipulaci\u00f3 en d\u2019altres espais p\u00fablics. Llei org\u00e0nica 1\/1982 de 5 de maig sobre el dret a l\u2019honor, a la pr\u00f2pia intimitat i la pr\u00f2pia imatge.)<\/p>\n","protected":false},"excerpt":{"rendered":"<p>El passat dia 1 de juny, un curs m\u00e9s, els nostres equips Power3\u00a0 de 3r i Be-friends de 4t, van fer la presentaci\u00f3 dels projectes que han realitzat durant el curs treballant en equip\u00a0 a la\u00a0 First Lego League explore-digital edition.<br \/>\nExplorant, creant, provant i compartint&hellip;  <a href=\"https:\/\/agora.xtec.cat\/escola-bernatmetgeelprat\/general\/first-lego-league-explore-2021-felicitem-als-equips\/\" title=\"Read Felicitats als equips participants a la First Lego league explore 2021!!!!\">Llegeix m\u00e9s\u00bb<\/a><\/p>\n","protected":false},"author":1,"featured_media":0,"comment_status":"open","ping_status":"closed","sticky":false,"template":"","format":"standard","meta":{"_bbp_topic_count":0,"_bbp_reply_count":0,"_bbp_total_topic_count":0,"_bbp_total_reply_count":0,"_bbp_voice_count":0,"_bbp_anonymous_reply_count":0,"_bbp_topic_count_hidden":0,"_bbp_reply_count_hidden":0,"_bbp_forum_subforum_count":0,"footnotes":""},"categories":[12,13,26,21,1,69,4,5,30,78,74],"tags":[],"class_list":["post-21360","post","type-post","status-publish","format-standard","hentry","category-3r","category-4t","category-cicle-mitja","category-cicles","category-general","category-noves-tecnologies","category-portada","category-primaria","category-projectes","category-robotica-i-programacio","category-treball-per-projectes"],"post_mailing_queue_ids":[],"_links":{"self":[{"href":"https:\/\/agora.xtec.cat\/escola-bernatmetgeelprat\/wp-json\/wp\/v2\/posts\/21360","targetHints":{"allow":["GET"]}}],"collection":[{"href":"https:\/\/agora.xtec.cat\/escola-bernatmetgeelprat\/wp-json\/wp\/v2\/posts"}],"about":[{"href":"https:\/\/agora.xtec.cat\/escola-bernatmetgeelprat\/wp-json\/wp\/v2\/types\/post"}],"author":[{"embeddable":true,"href":"https:\/\/agora.xtec.cat\/escola-bernatmetgeelprat\/wp-json\/wp\/v2\/users\/1"}],"replies":[{"embeddable":true,"href":"https:\/\/agora.xtec.cat\/escola-bernatmetgeelprat\/wp-json\/wp\/v2\/comments?post=21360"}],"version-history":[{"count":3,"href":"https:\/\/agora.xtec.cat\/escola-bernatmetgeelprat\/wp-json\/wp\/v2\/posts\/21360\/revisions"}],"predecessor-version":[{"id":21416,"href":"https:\/\/agora.xtec.cat\/escola-bernatmetgeelprat\/wp-json\/wp\/v2\/posts\/21360\/revisions\/21416"}],"wp:attachment":[{"href":"https:\/\/agora.xtec.cat\/escola-bernatmetgeelprat\/wp-json\/wp\/v2\/media?parent=21360"}],"wp:term":[{"taxonomy":"category","embeddable":true,"href":"https:\/\/agora.xtec.cat\/escola-bernatmetgeelprat\/wp-json\/wp\/v2\/categories?post=21360"},{"taxonomy":"post_tag","embeddable":true,"href":"https:\/\/agora.xtec.cat\/escola-bernatmetgeelprat\/wp-json\/wp\/v2\/tags?post=21360"}],"curies":[{"name":"wp","href":"https:\/\/api.w.org\/{rel}","templated":true}]}}