{"id":21271,"date":"2021-05-20T17:34:52","date_gmt":"2021-05-20T15:34:52","guid":{"rendered":"https:\/\/agora.xtec.cat\/escola-bernatmetgeelprat\/?p=21271"},"modified":"2021-05-20T17:35:49","modified_gmt":"2021-05-20T15:35:49","slug":"preparacio-lego-league-robobernat-queens","status":"publish","type":"post","link":"https:\/\/agora.xtec.cat\/escola-bernatmetgeelprat\/portada\/preparacio-lego-league-robobernat-queens\/","title":{"rendered":"Preparaci\u00f3 Lego League RoboBernat Queens"},"content":{"rendered":"<p style=\"text-align: justify;\">Durant les \u00faltimes setmanes les nenes de 6\u00e8 que participaran a la Lego League han estat preparant la competici\u00f3 que ser\u00e0 aquest dissabte 22 de maig. L&#8217;equip de 6\u00e8 de la nostra escola participar\u00e0 a les 12 hores.<\/p>\n<p style=\"text-align: justify;\">Aquesta competici\u00f3 consta de tres parts:<\/p>\n<ol style=\"text-align: justify;\">\n<li><strong>Disseny del robot:<\/strong> Les nenes hauran d&#8217;explicar com \u00e9s el robot que han elaborat pel joc del robot. Us adjuntem al presentaci\u00f3 que han preparat: <a href=\"https:\/\/docs.google.com\/presentation\/d\/1xkJhsW7v4T63CPnusfZ3Ke4jpcfL6LJXVHj7OsiVy7A\/edit?usp=sharing\" target=\"_blank\" rel=\"noopener noreferrer\">https:\/\/docs.google.com\/presentation\/d\/1xkJhsW7v4T63CPnusfZ3Ke4jpcfL6LJXVHj7OsiVy7A\/edit?usp=sharing<\/a><\/li>\n<li><strong>Joc del robot<\/strong>: Han d&#8217;aconseguir que el robot superi unes missions en una taula de joc. Per fer-ho han estat preparant les programacions durant tot el curs.<\/li>\n<li><strong>Projecte d&#8217;Innovaci\u00f3:<\/strong> Han de fer una proposta mitjan\u00e7ant la tecnologia que millori el m\u00f3n de l&#8217;esport. Us adjuntem la presentaci\u00f3 que han preparat: <a href=\"https:\/\/docs.google.com\/presentation\/d\/1Rx1aWB4aXo9asKPkCcR5-F4P6KlrxDYauz4xsFAPmBQ\/edit?usp=sharing\" target=\"_blank\" rel=\"noopener noreferrer\">https:\/\/docs.google.com\/presentation\/d\/1Rx1aWB4aXo9asKPkCcR5-F4P6KlrxDYauz4xsFAPmBQ\/edit?usp=sharing<\/a><\/li>\n<\/ol>\n<p style=\"text-align: justify;\">Si teniu inter\u00e8s en veure la competici\u00f3 us deixem els enlla\u00e7os per fer-ho en directe a trav\u00e9s de Youtube:<\/p>\n<ul>\n<li style=\"text-align: justify;\"><b>Enlla\u00e7 principal: <\/b>\u00a0<a href=\"https:\/\/youtu.be\/_y10KWn84Fc\" target=\"_blank\" rel=\"noopener noreferrer\" data-saferedirecturl=\"https:\/\/www.google.com\/url?q=https:\/\/youtu.be\/_y10KWn84Fc&amp;source=gmail&amp;ust=1621601489499000&amp;usg=AFQjCNEie4yWMl9KnG4p6yiXuBOpOpoDQw\">https:\/\/youtu.be\/_<wbr \/>y10KWn84Fc<\/a>\n<ul>\n<li>8:30 Cerim\u00f2nia d&#8217;apertura<\/li>\n<li>Entrevistes durant tota la competici\u00f3 a participants, \u00e0rbitres, jutges, etc.<\/li>\n<li>16:00 Cerim\u00f2nia de clausura y entrega de premis.<\/li>\n<\/ul>\n<\/li>\n<li><b>Enlla\u00e7 de las sala on participaran les nostres alumnes:<\/b>\n<ul>\n<li style=\"text-align: justify;\">12:00 Sala 1 (Q1):\u00a0 <a href=\"https:\/\/youtu.be\/0fuBpeYVFLI\" target=\"_blank\" rel=\"noopener noreferrer\" data-saferedirecturl=\"https:\/\/www.google.com\/url?q=https:\/\/youtu.be\/0fuBpeYVFLI&amp;source=gmail&amp;ust=1621601489499000&amp;usg=AFQjCNGW-qQ4lHREeS-Yo4qlPewBhlJqXw\">https:\/\/youtu.be\/<wbr \/>0fuBpeYVFL<\/a><\/li>\n<\/ul>\n<\/li>\n<\/ul>\n<p><a href=\"https:\/\/photos.app.goo.gl\/y8YAyLsDLJpKjFMYA\" target=\"_blank\" rel=\"noopener noreferrer\"><img loading=\"lazy\" decoding=\"async\" class=\"aligncenter wp-image-21272 size-large\" src=\"https:\/\/agora.xtec.cat\/escola-bernatmetgeelprat\/wp-content\/uploads\/usu186\/2021\/05\/WhatsApp-Image-2021-05-20-at-13.31.41-1-1024x768.jpeg\" alt=\"\" width=\"1024\" height=\"768\" srcset=\"https:\/\/agora.xtec.cat\/escola-bernatmetgeelprat\/wp-content\/uploads\/usu186\/2021\/05\/WhatsApp-Image-2021-05-20-at-13.31.41-1-1024x768.jpeg 1024w, https:\/\/agora.xtec.cat\/escola-bernatmetgeelprat\/wp-content\/uploads\/usu186\/2021\/05\/WhatsApp-Image-2021-05-20-at-13.31.41-1-300x225.jpeg 300w, https:\/\/agora.xtec.cat\/escola-bernatmetgeelprat\/wp-content\/uploads\/usu186\/2021\/05\/WhatsApp-Image-2021-05-20-at-13.31.41-1-768x576.jpeg 768w, https:\/\/agora.xtec.cat\/escola-bernatmetgeelprat\/wp-content\/uploads\/usu186\/2021\/05\/WhatsApp-Image-2021-05-20-at-13.31.41-1-200x150.jpeg 200w, https:\/\/agora.xtec.cat\/escola-bernatmetgeelprat\/wp-content\/uploads\/usu186\/2021\/05\/WhatsApp-Image-2021-05-20-at-13.31.41-1.jpeg 2000w\" sizes=\"auto, (max-width: 1024px) 100vw, 1024px\" \/><\/a><\/p>\n<p style=\"text-align: justify;\">Si cliqueu a la imatge podreu accedir als \u00e0lbums de fotos.<\/p>\n<p style=\"text-align: justify;\">(Av\u00eds: La publicaci\u00f3 d\u2019imatges de l\u2019alumnat de l\u2019escola correspon \u00fanicament a la pr\u00f2pia escola. Per tant, \u00e9s prohibida la difusi\u00f3 o manipulaci\u00f3 en d\u2019altres espais p\u00fablics. Llei org\u00e0nica 1\/1982 de 5 de maig sobre el dret a l\u2019honor, a la pr\u00f2pia intimitat i la pr\u00f2pia imatge.)<\/p>\n","protected":false},"excerpt":{"rendered":"<p>Durant les \u00faltimes setmanes les nenes de 6\u00e8 que participaran a la Lego League han estat preparant la competici\u00f3 que ser\u00e0 aquest dissabte 22 de maig. L&#8217;equip de 6\u00e8 de la nostra escola participar\u00e0 a les 12 hores.<br \/>\nAquesta competici\u00f3 consta de tres parts:<\/p>\n<ol style=\"text-align: justify;\">\n<li>Disseny&hellip;  <a href=\"https:\/\/agora.xtec.cat\/escola-bernatmetgeelprat\/portada\/preparacio-lego-league-robobernat-queens\/\" title=\"Read Preparaci\u00f3 Lego League RoboBernat Queens\">Llegeix m\u00e9s\u00bb<\/a><br \/>\n","protected":false},"author":1,"featured_media":21273,"comment_status":"open","ping_status":"closed","sticky":false,"template":"","format":"standard","meta":{"_bbp_topic_count":0,"_bbp_reply_count":0,"_bbp_total_topic_count":0,"_bbp_total_reply_count":0,"_bbp_voice_count":0,"_bbp_anonymous_reply_count":0,"_bbp_topic_count_hidden":0,"_bbp_reply_count_hidden":0,"_bbp_forum_subforum_count":0,"footnotes":""},"categories":[15,27,69,4,5,30,78],"tags":[],"class_list":["post-21271","post","type-post","status-publish","format-standard","has-post-thumbnail","hentry","category-6e","category-cicle-superior","category-noves-tecnologies","category-portada","category-primaria","category-projectes","category-robotica-i-programacio"],"post_mailing_queue_ids":[],"_links":{"self":[{"href":"https:\/\/agora.xtec.cat\/escola-bernatmetgeelprat\/wp-json\/wp\/v2\/posts\/21271","targetHints":{"allow":["GET"]}}],"collection":[{"href":"https:\/\/agora.xtec.cat\/escola-bernatmetgeelprat\/wp-json\/wp\/v2\/posts"}],"about":[{"href":"https:\/\/agora.xtec.cat\/escola-bernatmetgeelprat\/wp-json\/wp\/v2\/types\/post"}],"author":[{"embeddable":true,"href":"https:\/\/agora.xtec.cat\/escola-bernatmetgeelprat\/wp-json\/wp\/v2\/users\/1"}],"replies":[{"embeddable":true,"href":"https:\/\/agora.xtec.cat\/escola-bernatmetgeelprat\/wp-json\/wp\/v2\/comments?post=21271"}],"version-history":[{"count":3,"href":"https:\/\/agora.xtec.cat\/escola-bernatmetgeelprat\/wp-json\/wp\/v2\/posts\/21271\/revisions"}],"predecessor-version":[{"id":21277,"href":"https:\/\/agora.xtec.cat\/escola-bernatmetgeelprat\/wp-json\/wp\/v2\/posts\/21271\/revisions\/21277"}],"wp:featuredmedia":[{"embeddable":true,"href":"https:\/\/agora.xtec.cat\/escola-bernatmetgeelprat\/wp-json\/wp\/v2\/media\/21273"}],"wp:attachment":[{"href":"https:\/\/agora.xtec.cat\/escola-bernatmetgeelprat\/wp-json\/wp\/v2\/media?parent=21271"}],"wp:term":[{"taxonomy":"category","embeddable":true,"href":"https:\/\/agora.xtec.cat\/escola-bernatmetgeelprat\/wp-json\/wp\/v2\/categories?post=21271"},{"taxonomy":"post_tag","embeddable":true,"href":"https:\/\/agora.xtec.cat\/escola-bernatmetgeelprat\/wp-json\/wp\/v2\/tags?post=21271"}],"curies":[{"name":"wp","href":"https:\/\/api.w.org\/{rel}","templated":true}]}}