{"id":2124,"date":"2017-09-06T14:57:41","date_gmt":"2017-09-06T12:57:41","guid":{"rendered":"http:\/\/agora.xtec.cat\/escola-bernatmetgeelprat\/?p=2124"},"modified":"2017-09-06T14:57:41","modified_gmt":"2017-09-06T12:57:41","slug":"informacio-menjador-curs-2017-2018","status":"publish","type":"post","link":"https:\/\/agora.xtec.cat\/escola-bernatmetgeelprat\/portada\/informacio-menjador-curs-2017-2018\/","title":{"rendered":"Informaci\u00f3 menjador curs 2017-2018"},"content":{"rendered":"<p>Ahir es va realitzar a la nostra escola la reuni\u00f3 informativa sobre el menjador escolar. Es va explicar el nou funcionament i es van repartir els fulls d&#8217;inscripci\u00f3.<\/p>\n<p>Us adjuntem el document amb tota la informaci\u00f3 de funcionament i el full d&#8217;inscripci\u00f3.<\/p>\n<p>Podreu entregar el full d&#8217;inscripci\u00f3 el primer dia de classe al vest\u00edbul. Si el voleu entregar abans durant dijous i divendres al mat\u00ed l&#8217;escola estar\u00e0 oberta de 9 a 15 hores.<\/p>\n<p><a href=\"http:\/\/agora.xtec.cat\/escola-bernatmetgeelprat\/wp-content\/uploads\/usu186\/2017\/09\/normativa-menjador-BM-17-18.pdf\">normativa menjador BM 17-18<\/a><\/p>\n<p><a href=\"http:\/\/agora.xtec.cat\/escola-bernatmetgeelprat\/wp-content\/uploads\/usu186\/2017\/09\/full-inscripci\u00f3-menjador-BM-17-18.pdf\">full inscripci\u00f3 menjador BM 17-18<\/a><\/p>\n<p>(Clicant als documents els podreu descarregar)<\/p>\n<p>&nbsp;<\/p>\n","protected":false},"excerpt":{"rendered":"<p>Ahir es va realitzar a la nostra escola la reuni\u00f3 informativa sobre el menjador escolar. Es va explicar el nou funcionament i es van repartir els fulls d&#8217;inscripci\u00f3.<br \/>\nUs adjuntem el document amb tota la informaci\u00f3 de funcionament i el full d&#8217;inscripci\u00f3.<br \/>\nPodreu entregar el full d&#8217;inscripci\u00f3&hellip;  <a href=\"https:\/\/agora.xtec.cat\/escola-bernatmetgeelprat\/portada\/informacio-menjador-curs-2017-2018\/\" title=\"Read Informaci\u00f3 menjador curs 2017-2018\">Llegeix m\u00e9s\u00bb<\/a><\/p>\n","protected":false},"author":1,"featured_media":0,"comment_status":"open","ping_status":"closed","sticky":false,"template":"","format":"standard","meta":{"_bbp_topic_count":0,"_bbp_reply_count":0,"_bbp_total_topic_count":0,"_bbp_total_reply_count":0,"_bbp_voice_count":0,"_bbp_anonymous_reply_count":0,"_bbp_topic_count_hidden":0,"_bbp_reply_count_hidden":0,"_bbp_forum_subforum_count":0,"footnotes":""},"categories":[7,4],"tags":[],"class_list":["post-2124","post","type-post","status-publish","format-standard","hentry","category-ampa","category-portada"],"post_mailing_queue_ids":[],"_links":{"self":[{"href":"https:\/\/agora.xtec.cat\/escola-bernatmetgeelprat\/wp-json\/wp\/v2\/posts\/2124","targetHints":{"allow":["GET"]}}],"collection":[{"href":"https:\/\/agora.xtec.cat\/escola-bernatmetgeelprat\/wp-json\/wp\/v2\/posts"}],"about":[{"href":"https:\/\/agora.xtec.cat\/escola-bernatmetgeelprat\/wp-json\/wp\/v2\/types\/post"}],"author":[{"embeddable":true,"href":"https:\/\/agora.xtec.cat\/escola-bernatmetgeelprat\/wp-json\/wp\/v2\/users\/1"}],"replies":[{"embeddable":true,"href":"https:\/\/agora.xtec.cat\/escola-bernatmetgeelprat\/wp-json\/wp\/v2\/comments?post=2124"}],"version-history":[{"count":1,"href":"https:\/\/agora.xtec.cat\/escola-bernatmetgeelprat\/wp-json\/wp\/v2\/posts\/2124\/revisions"}],"predecessor-version":[{"id":2127,"href":"https:\/\/agora.xtec.cat\/escola-bernatmetgeelprat\/wp-json\/wp\/v2\/posts\/2124\/revisions\/2127"}],"wp:attachment":[{"href":"https:\/\/agora.xtec.cat\/escola-bernatmetgeelprat\/wp-json\/wp\/v2\/media?parent=2124"}],"wp:term":[{"taxonomy":"category","embeddable":true,"href":"https:\/\/agora.xtec.cat\/escola-bernatmetgeelprat\/wp-json\/wp\/v2\/categories?post=2124"},{"taxonomy":"post_tag","embeddable":true,"href":"https:\/\/agora.xtec.cat\/escola-bernatmetgeelprat\/wp-json\/wp\/v2\/tags?post=2124"}],"curies":[{"name":"wp","href":"https:\/\/api.w.org\/{rel}","templated":true}]}}