{"id":21080,"date":"2021-04-27T09:41:20","date_gmt":"2021-04-27T07:41:20","guid":{"rendered":"https:\/\/agora.xtec.cat\/escola-bernatmetgeelprat\/?p=21080"},"modified":"2021-04-27T09:45:33","modified_gmt":"2021-04-27T07:45:33","slug":"sant-jordi-a-la-classe-de-tercer","status":"publish","type":"post","link":"https:\/\/agora.xtec.cat\/escola-bernatmetgeelprat\/general\/sant-jordi-a-la-classe-de-tercer\/","title":{"rendered":"Sant Jordi a la classe de tercer"},"content":{"rendered":"<p style=\"text-align: justify;\">El divendres 23 d&#8217;abril els nens i nenes de tercer van celebrar el dia de Sant Jordi.<\/p>\n<p style=\"text-align: justify;\">Al mat\u00ed vam realitzar els Jocs Florals de l&#8217;escola. En la nostra classe van ser premiats:<br \/>\nEl grup de la Ruth, Felisa, Edgar i\u00a0<span class=\"hiddenSpellError\">Alejandro<\/span>\u00a0amb la poesia en catal\u00e0.<br \/>\nEl grup de la Dafne, Irene i David amb el dibuix d&#8217;angl\u00e8s.<br \/>\nI el grup de la\u00a0<span class=\"hiddenSpellError\">Jennifer<\/span>,\u00a0<span class=\"hiddenSpellError\">Imran<\/span>\u00a0i\u00a0<span class=\"hiddenSpellError\">Rayan<\/span>\u00a0amb el conte en castell\u00e0.<\/p>\n<p style=\"text-align: justify;\">Despr\u00e9s del pati vam fer una\u00a0<span class=\"hiddenGreenError\">manualitat<\/span>\u00a0de Sant Jordi, una rosa de paper que ens va quedar molt maca. A la tarda vam explicar una hist\u00f2ria de Sant Jordi diferent on el drac era vegetari\u00e0 i no menjava princeses.<\/p>\n<p style=\"text-align: justify;\">Tot plegat ens ho vam passar molt b\u00e9!<\/p>\n<p><a href=\"https:\/\/photos.app.goo.gl\/CaPLEC6Vj1zooeiY8\" target=\"_blank\" rel=\"noopener noreferrer\"><img loading=\"lazy\" decoding=\"async\" class=\"\" src=\"https:\/\/lh3.googleusercontent.com\/gH6hRFDwP4Cv2a6-24kOKVXOdG8xdGZUMLjxbEqzwvLlq9Ci-ZJhdVnfXD9wmMlapkQNJFulQc4ZertRbaprJUTdRiVPXiUTuGZKt1QhoHA9DAKQlyXqh1vqtdkXMxrZyyr6RZEgoGqerT5kcxD6AsOpyTiGZM40k3Ey6s1TppEgUX-dgPJZCShgR_I2ieS5Ig9RgdR9yGCQXer6NmIU-TjrfeW7gyqsq7dyHjQHSPaaQut2Q0FdHquT2nrd24sUU_Ll19a1huswaDSQyxac_pg1l-YP57NqCAj86ZunHWpQmn9kh4bI1Dlg14fZDVF6vGsWO6j3G63paZjdukZpss6wgS_4V7ftUlRnMxjek6WhTXUfZWo5vmmL_dLJvnhVLTMDFz8BDrluFSfQr7T8VNv03OGBfz7Uiq8m47dwR2aIcDQZJ2fwY0ojVUXR4XgqytYNGB6FBu0GlY50ctC_9S7DrLmdJOctlvYQllA39f_9swmBPVjcPmDQhJjeSuXeav-_FYSK3V21VY0JgW9RYgPLaSCZ7m7GWPpJaQqqBLNbbWvAscSZB8vKLMvcaVUhvcO1IgEMTHlVcMDydG7JshNhCbWTaeCS2YTNxLKhPLliy9i9KvrXp1VLQsWc0d6G_PaGpggys1sNnIVwzhOZQ-yzGkBTEQKrBeP2bFc_h_9W28mAHDqRQaBdE6XSbTUOi2wonGrhom0kwihYL_4ymmU=w784-h1043-no?authuser=0\" width=\"370\" height=\"493\" \/><\/a><\/p>\n<p style=\"text-align: justify;\">Si cliqueu les imatges podreu accedir als \u00e0lbums de fotos.<\/p>\n<p style=\"text-align: justify;\">(Av\u00eds: La publicaci\u00f3 d\u2019imatges de l\u2019alumnat de l\u2019escola correspon \u00fanicament a la pr\u00f2pia escola. Per tant, \u00e9s prohibida la difusi\u00f3 o manipulaci\u00f3 en d\u2019altres espais p\u00fablics. Llei org\u00e0nica 1\/1982 de 5 de maig sobre el dret a l\u2019honor, a la pr\u00f2pia intimitat i la pr\u00f2pia imatge.)<\/p>\n","protected":false},"excerpt":{"rendered":"<p>El divendres 23 d&#8217;abril els nens i nenes de tercer van celebrar el dia de Sant Jordi.<br \/>\nAl mat\u00ed vam realitzar els Jocs Florals de l&#8217;escola. En la nostra classe van ser premiats:<br \/>\nEl grup de la Ruth, Felisa, Edgar i\u00a0Alejandro\u00a0amb la poesia en catal\u00e0.<br \/>\nEl grup de&hellip;  <a href=\"https:\/\/agora.xtec.cat\/escola-bernatmetgeelprat\/general\/sant-jordi-a-la-classe-de-tercer\/\" title=\"Read Sant Jordi a la classe de tercer\">Llegeix m\u00e9s\u00bb<\/a><\/p>\n","protected":false},"author":1,"featured_media":0,"comment_status":"open","ping_status":"closed","sticky":false,"template":"","format":"standard","meta":{"_bbp_topic_count":0,"_bbp_reply_count":0,"_bbp_total_topic_count":0,"_bbp_total_reply_count":0,"_bbp_voice_count":0,"_bbp_anonymous_reply_count":0,"_bbp_topic_count_hidden":0,"_bbp_reply_count_hidden":0,"_bbp_forum_subforum_count":0,"footnotes":""},"categories":[12,7,26,21,22,1,65,77,4,5,30,59],"tags":[],"class_list":["post-21080","post","type-post","status-publish","format-standard","hentry","category-3r","category-ampa","category-cicle-mitja","category-cicles","category-festes","category-general","category-grups-interactius","category-participacio-families","category-portada","category-primaria","category-projectes","category-sant-jordi"],"post_mailing_queue_ids":[],"_links":{"self":[{"href":"https:\/\/agora.xtec.cat\/escola-bernatmetgeelprat\/wp-json\/wp\/v2\/posts\/21080","targetHints":{"allow":["GET"]}}],"collection":[{"href":"https:\/\/agora.xtec.cat\/escola-bernatmetgeelprat\/wp-json\/wp\/v2\/posts"}],"about":[{"href":"https:\/\/agora.xtec.cat\/escola-bernatmetgeelprat\/wp-json\/wp\/v2\/types\/post"}],"author":[{"embeddable":true,"href":"https:\/\/agora.xtec.cat\/escola-bernatmetgeelprat\/wp-json\/wp\/v2\/users\/1"}],"replies":[{"embeddable":true,"href":"https:\/\/agora.xtec.cat\/escola-bernatmetgeelprat\/wp-json\/wp\/v2\/comments?post=21080"}],"version-history":[{"count":3,"href":"https:\/\/agora.xtec.cat\/escola-bernatmetgeelprat\/wp-json\/wp\/v2\/posts\/21080\/revisions"}],"predecessor-version":[{"id":21100,"href":"https:\/\/agora.xtec.cat\/escola-bernatmetgeelprat\/wp-json\/wp\/v2\/posts\/21080\/revisions\/21100"}],"wp:attachment":[{"href":"https:\/\/agora.xtec.cat\/escola-bernatmetgeelprat\/wp-json\/wp\/v2\/media?parent=21080"}],"wp:term":[{"taxonomy":"category","embeddable":true,"href":"https:\/\/agora.xtec.cat\/escola-bernatmetgeelprat\/wp-json\/wp\/v2\/categories?post=21080"},{"taxonomy":"post_tag","embeddable":true,"href":"https:\/\/agora.xtec.cat\/escola-bernatmetgeelprat\/wp-json\/wp\/v2\/tags?post=21080"}],"curies":[{"name":"wp","href":"https:\/\/api.w.org\/{rel}","templated":true}]}}