{"id":20758,"date":"2020-10-27T08:11:30","date_gmt":"2020-10-27T07:11:30","guid":{"rendered":"https:\/\/agora.xtec.cat\/escola-bernatmetgeelprat\/?p=20758"},"modified":"2021-02-28T09:46:17","modified_gmt":"2021-02-28T08:46:17","slug":"plantacio-de-lhort-a-la-tardor","status":"publish","type":"post","link":"https:\/\/agora.xtec.cat\/escola-bernatmetgeelprat\/general\/plantacio-de-lhort-a-la-tardor\/","title":{"rendered":"Plantaci\u00f3 de l&#8217;hort a la tardor"},"content":{"rendered":"<p>Tots els nens i nenes de l&#8217;escola hem realitzat en aquesta setmana la plantaci\u00f3 de l&#8217;hort de l&#8217;escola amb verdures pr\u00f2pies de la recollida de finals d&#8217;hivern. Plantarem enciams , api, broquil, remolatxa&#8230; Ja veurem que passar\u00e0.<\/p>\n<p>Estan molt emocionats esperant veure el fruit del seu esfor\u00e7&#8230;<\/p>\n<p>Mireu quina emoci\u00f3!!!<\/p>\n<p><a href=\"https:\/\/photos.app.goo.gl\/grwV1iRb4CdGkJow5\" target=\"_blank\" rel=\"noopener noreferrer\"><img loading=\"lazy\" decoding=\"async\" class=\"aligncenter wp-image-20760 size-full\" src=\"https:\/\/agora.xtec.cat\/escola-bernatmetgeelprat\/wp-content\/uploads\/usu186\/2021\/02\/hort-hivern.jpg\" alt=\"\" width=\"604\" height=\"453\" srcset=\"https:\/\/agora.xtec.cat\/escola-bernatmetgeelprat\/wp-content\/uploads\/usu186\/2021\/02\/hort-hivern.jpg 604w, https:\/\/agora.xtec.cat\/escola-bernatmetgeelprat\/wp-content\/uploads\/usu186\/2021\/02\/hort-hivern-300x225.jpg 300w, https:\/\/agora.xtec.cat\/escola-bernatmetgeelprat\/wp-content\/uploads\/usu186\/2021\/02\/hort-hivern-200x150.jpg 200w\" sizes=\"auto, (max-width: 604px) 100vw, 604px\" \/><\/a><\/p>\n<p>(Av\u00eds: La publicaci\u00f3 d\u2019imatges de l\u2019alumnat de l\u2019escola correspon \u00fanicament a la pr\u00f2pia escola. Per tant, \u00e9s prohibida la difusi\u00f3 o manipulaci\u00f3 en d\u2019altres espais p\u00fablics. Llei org\u00e0nica 1\/1982 de 5 de maig sobre el dret a l\u2019honor, a la pr\u00f2pia intimitat i la pr\u00f2pia imatge.)<\/p>\n","protected":false},"excerpt":{"rendered":"<p>Tots els nens i nenes de l&#8217;escola hem realitzat en aquesta setmana la plantaci\u00f3 de l&#8217;hort de l&#8217;escola amb verdures pr\u00f2pies de la recollida de finals d&#8217;hivern. Plantarem enciams , api, broquil, remolatxa&#8230; Ja veurem que passar\u00e0.<br \/>\nEstan molt emocionats esperant veure el fruit del seu&hellip;  <a href=\"https:\/\/agora.xtec.cat\/escola-bernatmetgeelprat\/general\/plantacio-de-lhort-a-la-tardor\/\" title=\"Read Plantaci\u00f3 de l&#8217;hort a la tardor\">Llegeix m\u00e9s\u00bb<\/a><\/p>\n","protected":false},"author":1,"featured_media":0,"comment_status":"open","ping_status":"closed","sticky":false,"template":"","format":"standard","meta":{"_bbp_topic_count":0,"_bbp_reply_count":0,"_bbp_total_topic_count":0,"_bbp_total_reply_count":0,"_bbp_voice_count":0,"_bbp_anonymous_reply_count":0,"_bbp_topic_count_hidden":0,"_bbp_reply_count_hidden":0,"_bbp_forum_subforum_count":0,"footnotes":""},"categories":[29,21,71,1,98,2,4,5,30,74],"tags":[],"class_list":["post-20758","post","type-post","status-publish","format-standard","hentry","category-aprenem-a-pensar","category-cicles","category-escola-mes-sostenible","category-general","category-hort-i-jardi","category-infantil","category-portada","category-primaria","category-projectes","category-treball-per-projectes"],"post_mailing_queue_ids":[],"_links":{"self":[{"href":"https:\/\/agora.xtec.cat\/escola-bernatmetgeelprat\/wp-json\/wp\/v2\/posts\/20758","targetHints":{"allow":["GET"]}}],"collection":[{"href":"https:\/\/agora.xtec.cat\/escola-bernatmetgeelprat\/wp-json\/wp\/v2\/posts"}],"about":[{"href":"https:\/\/agora.xtec.cat\/escola-bernatmetgeelprat\/wp-json\/wp\/v2\/types\/post"}],"author":[{"embeddable":true,"href":"https:\/\/agora.xtec.cat\/escola-bernatmetgeelprat\/wp-json\/wp\/v2\/users\/1"}],"replies":[{"embeddable":true,"href":"https:\/\/agora.xtec.cat\/escola-bernatmetgeelprat\/wp-json\/wp\/v2\/comments?post=20758"}],"version-history":[{"count":2,"href":"https:\/\/agora.xtec.cat\/escola-bernatmetgeelprat\/wp-json\/wp\/v2\/posts\/20758\/revisions"}],"predecessor-version":[{"id":20770,"href":"https:\/\/agora.xtec.cat\/escola-bernatmetgeelprat\/wp-json\/wp\/v2\/posts\/20758\/revisions\/20770"}],"wp:attachment":[{"href":"https:\/\/agora.xtec.cat\/escola-bernatmetgeelprat\/wp-json\/wp\/v2\/media?parent=20758"}],"wp:term":[{"taxonomy":"category","embeddable":true,"href":"https:\/\/agora.xtec.cat\/escola-bernatmetgeelprat\/wp-json\/wp\/v2\/categories?post=20758"},{"taxonomy":"post_tag","embeddable":true,"href":"https:\/\/agora.xtec.cat\/escola-bernatmetgeelprat\/wp-json\/wp\/v2\/tags?post=20758"}],"curies":[{"name":"wp","href":"https:\/\/api.w.org\/{rel}","templated":true}]}}