{"id":20647,"date":"2021-02-10T17:24:27","date_gmt":"2021-02-10T16:24:27","guid":{"rendered":"https:\/\/agora.xtec.cat\/escola-bernatmetgeelprat\/?p=20647"},"modified":"2021-02-10T17:26:46","modified_gmt":"2021-02-10T16:26:46","slug":"iniciem-el-projecte-de-les-tortugues","status":"publish","type":"post","link":"https:\/\/agora.xtec.cat\/escola-bernatmetgeelprat\/general\/iniciem-el-projecte-de-les-tortugues\/","title":{"rendered":"INICIEM EL PROJECTE DE LES TORTUGUES P4"},"content":{"rendered":"<p>Fam\u00edlies, hem iniciat el projecte de les TORTUGUES amb els vostres fills i filles amb molta il\u00b7lusi\u00f3. Us agra\u00efm la vostra col\u00b7laboraci\u00f3 ja que hem rebut molt de material.<\/p>\n<p>Comprovareu que estan molt engrescats amb aquesta nova aventura.<\/p>\n<p>Seguim endavant aprenent!!!!<\/p>\n<p><a href=\"https:\/\/photos.app.goo.gl\/HydGCNUBoLNsTnTv7\" target=\"_blank\" rel=\"noopener noreferrer\"><img loading=\"lazy\" decoding=\"async\" class=\"alignnone size-large wp-image-20648\" src=\"https:\/\/agora.xtec.cat\/escola-bernatmetgeelprat\/wp-content\/uploads\/usu186\/2021\/02\/20210120_095007-1024x768.jpg\" alt=\"\" width=\"1024\" height=\"768\" srcset=\"https:\/\/agora.xtec.cat\/escola-bernatmetgeelprat\/wp-content\/uploads\/usu186\/2021\/02\/20210120_095007-1024x768.jpg 1024w, https:\/\/agora.xtec.cat\/escola-bernatmetgeelprat\/wp-content\/uploads\/usu186\/2021\/02\/20210120_095007-300x225.jpg 300w, https:\/\/agora.xtec.cat\/escola-bernatmetgeelprat\/wp-content\/uploads\/usu186\/2021\/02\/20210120_095007-768x576.jpg 768w, https:\/\/agora.xtec.cat\/escola-bernatmetgeelprat\/wp-content\/uploads\/usu186\/2021\/02\/20210120_095007-200x150.jpg 200w\" sizes=\"auto, (max-width: 1024px) 100vw, 1024px\" \/><\/a><\/p>\n<p>Clicant a la imatge podreu accedir a l\u2019\u00e0lbum de fotografies i v\u00eddeos.<\/p>\n<p>(Av\u00eds: La publicaci\u00f3 d\u2019imatges de l\u2019alumnat de l\u2019escola correspon \u00fanicament a la pr\u00f2pia escola. Per tant, \u00e9s prohibida la difusi\u00f3 o manipulaci\u00f3 en d\u2019altres espais p\u00fablics. Llei org\u00e0nica 1\/1982 de 5 de maig sobre el dret a l\u2019honor, a la pr\u00f2pia intimitat i la pr\u00f2pia imatge.)<\/p>\n","protected":false},"excerpt":{"rendered":"<p>Fam\u00edlies, hem iniciat el projecte de les TORTUGUES amb els vostres fills i filles amb molta il\u00b7lusi\u00f3. Us agra\u00efm la vostra col\u00b7laboraci\u00f3 ja que hem rebut molt de material.<br \/>\nComprovareu que estan molt engrescats amb aquesta nova aventura.<br \/>\nSeguim endavant aprenent!!!!<br \/>\n<a href=\"https:\/\/photos.app.goo.gl\/HydGCNUBoLNsTnTv7\" target=\"_blank\" rel=\"noopener noreferrer\"><\/a><br \/>\nClicant a la&hellip;  <a href=\"https:\/\/agora.xtec.cat\/escola-bernatmetgeelprat\/general\/iniciem-el-projecte-de-les-tortugues\/\" title=\"Read INICIEM EL PROJECTE DE LES TORTUGUES P4\">Llegeix m\u00e9s\u00bb<\/a><\/p>\n","protected":false},"author":1,"featured_media":0,"comment_status":"open","ping_status":"closed","sticky":false,"template":"","format":"standard","meta":{"_bbp_topic_count":0,"_bbp_reply_count":0,"_bbp_total_topic_count":0,"_bbp_total_reply_count":0,"_bbp_voice_count":0,"_bbp_anonymous_reply_count":0,"_bbp_topic_count_hidden":0,"_bbp_reply_count_hidden":0,"_bbp_forum_subforum_count":0,"footnotes":""},"categories":[1,8,2,77,4,30,74,68],"tags":[],"class_list":["post-20647","post","type-post","status-publish","format-standard","hentry","category-general","category-i4","category-infantil","category-participacio-families","category-portada","category-projectes","category-treball-per-projectes","category-xarxa-competencies-basiques"],"post_mailing_queue_ids":[],"_links":{"self":[{"href":"https:\/\/agora.xtec.cat\/escola-bernatmetgeelprat\/wp-json\/wp\/v2\/posts\/20647","targetHints":{"allow":["GET"]}}],"collection":[{"href":"https:\/\/agora.xtec.cat\/escola-bernatmetgeelprat\/wp-json\/wp\/v2\/posts"}],"about":[{"href":"https:\/\/agora.xtec.cat\/escola-bernatmetgeelprat\/wp-json\/wp\/v2\/types\/post"}],"author":[{"embeddable":true,"href":"https:\/\/agora.xtec.cat\/escola-bernatmetgeelprat\/wp-json\/wp\/v2\/users\/1"}],"replies":[{"embeddable":true,"href":"https:\/\/agora.xtec.cat\/escola-bernatmetgeelprat\/wp-json\/wp\/v2\/comments?post=20647"}],"version-history":[{"count":3,"href":"https:\/\/agora.xtec.cat\/escola-bernatmetgeelprat\/wp-json\/wp\/v2\/posts\/20647\/revisions"}],"predecessor-version":[{"id":20655,"href":"https:\/\/agora.xtec.cat\/escola-bernatmetgeelprat\/wp-json\/wp\/v2\/posts\/20647\/revisions\/20655"}],"wp:attachment":[{"href":"https:\/\/agora.xtec.cat\/escola-bernatmetgeelprat\/wp-json\/wp\/v2\/media?parent=20647"}],"wp:term":[{"taxonomy":"category","embeddable":true,"href":"https:\/\/agora.xtec.cat\/escola-bernatmetgeelprat\/wp-json\/wp\/v2\/categories?post=20647"},{"taxonomy":"post_tag","embeddable":true,"href":"https:\/\/agora.xtec.cat\/escola-bernatmetgeelprat\/wp-json\/wp\/v2\/tags?post=20647"}],"curies":[{"name":"wp","href":"https:\/\/api.w.org\/{rel}","templated":true}]}}