{"id":20645,"date":"2021-02-10T17:22:11","date_gmt":"2021-02-10T16:22:11","guid":{"rendered":"https:\/\/agora.xtec.cat\/escola-bernatmetgeelprat\/?p=20645"},"modified":"2021-02-26T12:58:23","modified_gmt":"2021-02-26T11:58:23","slug":"tercer-fa-el-mural-de-lhivern","status":"publish","type":"post","link":"https:\/\/agora.xtec.cat\/escola-bernatmetgeelprat\/general\/tercer-fa-el-mural-de-lhivern\/","title":{"rendered":"Tercer fa el mural de l&#8217;hivern"},"content":{"rendered":"<p>Ja tenim enllestit el mural de l&#8217;hivern!!!!!!<\/p>\n<p>Hem utilitzat materials reciclables i molta imaginaci\u00f3. Despr\u00e9s de molt esfor\u00e7 aquest \u00e9s el resultat. Esperem que us agradi tant com a nosaltres!<\/p>\n<p><a href=\"https:\/\/photos.app.goo.gl\/EhzM4zuaH3VFtLRm7\" target=\"_blank\" rel=\"noopener noreferrer\"><img decoding=\"async\" class=\"aligncenter\" src=\"https:\/\/lh3.googleusercontent.com\/4zuahWdSrblM0VwjFL9TT8lpoRMU8MxSsEhB2SYLkEA8RXlQAohqUQd6PaIm6ytkvIxBIUKkQxrUVTKmMa7ocIqAurW4vu8Bg-vAHXzKOO6TJzo0UFrF3c8FigD5MzxQq8mslCPL4_0-vQ4Arz8qGAYIm8w74kunSkR0ju6OzdsO8SjGBVC2-7sICyRROk6XmYe-vwO3Mm3mU3fidfua87n9lGinBREaTZEEYCYHDXeiyIUB7asQs3USG-jad3WKohsTLAgJlLQaRDUGR7oC4eEf94zNMu1sfxKf-Vnk2a0imahwi4l10plj235v_1GSgBg79Z8xt6Tdlv3H_UUHPDY12ByTEJfJ8mObvmnHrwK7R9UZZO8pXt2KBzCLLKRiyBfKDhgtSP-sxGYaB-BnhXNwI8PG2JnmH6elbiCfADJYxx1DrIM-keWhlyyzWPmW_GyVXjDLj-Z8h4CHQVbJHUY2bW7tcsMsDr5ALs916NHTtKq8OjnBbg_IwQ2AoAMLqckdsnK5qtwQImJ8Mr2aFxCQMjwitorxIdW8uofEZY_cowoPP5SsTuXgIQzWRvoHOCf2j6Rqf_1VnhRdHejr6p3YdUa80ECMF2CHckw4pHyc2WIne9QDuXzwDmN56O8_qOQXW9LVBb9nzuNWBmOH_82CbgonXvta6RUhW5nj56Mc3zm8JbI15TKaE6yoDg=w890-h667-no?authuser=0\" \/><\/a><\/p>\n<p>Si cliqueu sobre la imatge,\u00a0podreu visualitzar totes les fotos que hem fet realitzant el mural.<\/p>\n<p>(Av\u00eds: La publicaci\u00f3 d\u2019imatges de l\u2019alumnat de l\u2019escola correspon \u00fanicament a la pr\u00f2pia escola. Per tant, \u00e9s prohibida la difusi\u00f3 o manipulaci\u00f3 en d\u2019altres espais p\u00fablics. Llei org\u00e0nica 1\/1982 de 5 de maig sobre el dret a l\u2019honor, a la pr\u00f2pia intimitat i la pr\u00f2pia imatge.)<\/p>\n","protected":false},"excerpt":{"rendered":"<p>Ja tenim enllestit el mural de l&#8217;hivern!!!!!!<br \/>\nHem utilitzat materials reciclables i molta imaginaci\u00f3. Despr\u00e9s de molt esfor\u00e7 aquest \u00e9s el resultat. Esperem que us agradi tant com a nosaltres!<br \/>\n<a href=\"https:\/\/photos.app.goo.gl\/EhzM4zuaH3VFtLRm7\" target=\"_blank\" rel=\"noopener noreferrer\"><\/a><br \/>\nSi cliqueu sobre la imatge,\u00a0podreu visualitzar totes les fotos que hem fet realitzant&hellip;  <a href=\"https:\/\/agora.xtec.cat\/escola-bernatmetgeelprat\/general\/tercer-fa-el-mural-de-lhivern\/\" title=\"Read Tercer fa el mural de l&#8217;hivern\">Llegeix m\u00e9s\u00bb<\/a><\/p>\n","protected":false},"author":1,"featured_media":0,"comment_status":"open","ping_status":"closed","sticky":false,"template":"","format":"standard","meta":{"_bbp_topic_count":0,"_bbp_reply_count":0,"_bbp_total_topic_count":0,"_bbp_total_reply_count":0,"_bbp_voice_count":0,"_bbp_anonymous_reply_count":0,"_bbp_topic_count_hidden":0,"_bbp_reply_count_hidden":0,"_bbp_forum_subforum_count":0,"footnotes":""},"categories":[12,26,21,71,1,4,5,30,74,68],"tags":[],"class_list":["post-20645","post","type-post","status-publish","format-standard","hentry","category-3r","category-cicle-mitja","category-cicles","category-escola-mes-sostenible","category-general","category-portada","category-primaria","category-projectes","category-treball-per-projectes","category-xarxa-competencies-basiques"],"post_mailing_queue_ids":[],"_links":{"self":[{"href":"https:\/\/agora.xtec.cat\/escola-bernatmetgeelprat\/wp-json\/wp\/v2\/posts\/20645","targetHints":{"allow":["GET"]}}],"collection":[{"href":"https:\/\/agora.xtec.cat\/escola-bernatmetgeelprat\/wp-json\/wp\/v2\/posts"}],"about":[{"href":"https:\/\/agora.xtec.cat\/escola-bernatmetgeelprat\/wp-json\/wp\/v2\/types\/post"}],"author":[{"embeddable":true,"href":"https:\/\/agora.xtec.cat\/escola-bernatmetgeelprat\/wp-json\/wp\/v2\/users\/1"}],"replies":[{"embeddable":true,"href":"https:\/\/agora.xtec.cat\/escola-bernatmetgeelprat\/wp-json\/wp\/v2\/comments?post=20645"}],"version-history":[{"count":3,"href":"https:\/\/agora.xtec.cat\/escola-bernatmetgeelprat\/wp-json\/wp\/v2\/posts\/20645\/revisions"}],"predecessor-version":[{"id":20653,"href":"https:\/\/agora.xtec.cat\/escola-bernatmetgeelprat\/wp-json\/wp\/v2\/posts\/20645\/revisions\/20653"}],"wp:attachment":[{"href":"https:\/\/agora.xtec.cat\/escola-bernatmetgeelprat\/wp-json\/wp\/v2\/media?parent=20645"}],"wp:term":[{"taxonomy":"category","embeddable":true,"href":"https:\/\/agora.xtec.cat\/escola-bernatmetgeelprat\/wp-json\/wp\/v2\/categories?post=20645"},{"taxonomy":"post_tag","embeddable":true,"href":"https:\/\/agora.xtec.cat\/escola-bernatmetgeelprat\/wp-json\/wp\/v2\/tags?post=20645"}],"curies":[{"name":"wp","href":"https:\/\/api.w.org\/{rel}","templated":true}]}}