{"id":20612,"date":"2021-02-07T13:26:55","date_gmt":"2021-02-07T12:26:55","guid":{"rendered":"https:\/\/agora.xtec.cat\/escola-bernatmetgeelprat\/?p=20612"},"modified":"2021-02-07T13:29:26","modified_gmt":"2021-02-07T12:29:26","slug":"collage-i-accio-20-21-projecte-camins-vius-a-4t","status":"publish","type":"post","link":"https:\/\/agora.xtec.cat\/escola-bernatmetgeelprat\/general\/collage-i-accio-20-21-projecte-camins-vius-a-4t\/","title":{"rendered":"Collage i acci\u00f3 20-21 Projecte Camins vius a 4t"},"content":{"rendered":"<p>Atenci\u00f3!!! Pugem el tel\u00f3 de l&#8217;espectacle de nenes i nens de 4t amb Camins vius.<\/p>\n<p>L&#8217;actriu Macarena Recuerda ens ha guiat a trav\u00e9s d&#8217;uns videos, fent-nos descobrir una nova realitat dels objectes, una mirada diferent a sobre d&#8217;ells, paraula, dibuix&#8230; La imaginaci\u00f3, el joc i la cretivitat dels nostres infants ha fet la resta i han convertint escales en coets o cases, un salabret en sol, capses i cavallets en persones..<\/p>\n<p><em>&#8220;Collage y Acci\u00f3n <span style=\"color: #2a2a2a;\">es un espacio para construir nuevas\u00a0<\/span><span style=\"color: #2a2a2a;\">realidades. \u00bfQu\u00e9 ocurrir\u00eda si le cambi\u00e1semos el nombre a los\u00a0<\/span><span style=\"color: #2a2a2a;\">objetos? \u00bfy si les di\u00e9ramos otros usos? \u00bfy si imagin\u00e1semos que\u00a0<\/span><span style=\"color: #2a2a2a;\">un cuerpo es un objeto y un objeto varios cuerpos? \u00bfy si al\u00a0<\/span><span style=\"color: #2a2a2a;\">mover una silla sonase como un caballo o si un pie de micro <\/span><span style=\"color: #2a2a2a;\">oliese como una flor? <\/span><\/em><em>Collage y Acci\u00f3n\u00a0<span style=\"color: #2a2a2a;\">es un juego con reglas donde los\u00a0<\/span><span style=\"color: #2a2a2a;\">participantes no compiten, si no que \u00fanicamente crean.&#8221;<\/span><\/em><\/p>\n<p><a href=\"https:\/\/photos.app.goo.gl\/ANKH6jePswBsAAZN8\"><img loading=\"lazy\" decoding=\"async\" class=\"aligncenter size-full wp-image-20613\" src=\"https:\/\/agora.xtec.cat\/escola-bernatmetgeelprat\/wp-content\/uploads\/usu186\/2021\/02\/collage-i-acci\u00f3.jpg\" alt=\"\" width=\"960\" height=\"544\" srcset=\"https:\/\/agora.xtec.cat\/escola-bernatmetgeelprat\/wp-content\/uploads\/usu186\/2021\/02\/collage-i-acci\u00f3.jpg 960w, https:\/\/agora.xtec.cat\/escola-bernatmetgeelprat\/wp-content\/uploads\/usu186\/2021\/02\/collage-i-acci\u00f3-300x170.jpg 300w, https:\/\/agora.xtec.cat\/escola-bernatmetgeelprat\/wp-content\/uploads\/usu186\/2021\/02\/collage-i-acci\u00f3-768x435.jpg 768w\" sizes=\"auto, (max-width: 960px) 100vw, 960px\" \/><\/a><\/p>\n<p>Clicant a la imatge podreu accedir a l\u2019\u00e0lbum de fotografies i v\u00eddeos.<\/p>\n<p>(Av\u00eds: La publicaci\u00f3 d\u2019imatges de l\u2019alumnat de l\u2019escola correspon \u00fanicament a la pr\u00f2pia escola. Per tant, \u00e9s prohibida la difusi\u00f3 o manipulaci\u00f3 en d\u2019altres espais p\u00fablics. Llei org\u00e0nica 1\/1982 de 5 de maig sobre el dret a l\u2019honor, a la pr\u00f2pia intimitat i la pr\u00f2pia imatge.)<\/p>\n","protected":false},"excerpt":{"rendered":"<p>Atenci\u00f3!!! Pugem el tel\u00f3 de l&#8217;espectacle de nenes i nens de 4t amb Camins vius.<br \/>\nL&#8217;actriu Macarena Recuerda ens ha guiat a trav\u00e9s d&#8217;uns videos, fent-nos descobrir una nova realitat dels objectes, una mirada diferent a sobre d&#8217;ells, paraula, dibuix&#8230; La imaginaci\u00f3, el joc i la&hellip;  <a href=\"https:\/\/agora.xtec.cat\/escola-bernatmetgeelprat\/general\/collage-i-accio-20-21-projecte-camins-vius-a-4t\/\" title=\"Read Collage i acci\u00f3 20-21 Projecte Camins vius a 4t\">Llegeix m\u00e9s\u00bb<\/a><\/p>\n","protected":false},"author":1,"featured_media":0,"comment_status":"open","ping_status":"closed","sticky":false,"template":"","format":"standard","meta":{"_bbp_topic_count":0,"_bbp_reply_count":0,"_bbp_total_topic_count":0,"_bbp_total_reply_count":0,"_bbp_voice_count":0,"_bbp_anonymous_reply_count":0,"_bbp_topic_count_hidden":0,"_bbp_reply_count_hidden":0,"_bbp_forum_subforum_count":0,"footnotes":""},"categories":[13,73,26,1,4],"tags":[],"class_list":["post-20612","post","type-post","status-publish","format-standard","hentry","category-4t","category-camins-vius","category-cicle-mitja","category-general","category-portada"],"post_mailing_queue_ids":[],"_links":{"self":[{"href":"https:\/\/agora.xtec.cat\/escola-bernatmetgeelprat\/wp-json\/wp\/v2\/posts\/20612","targetHints":{"allow":["GET"]}}],"collection":[{"href":"https:\/\/agora.xtec.cat\/escola-bernatmetgeelprat\/wp-json\/wp\/v2\/posts"}],"about":[{"href":"https:\/\/agora.xtec.cat\/escola-bernatmetgeelprat\/wp-json\/wp\/v2\/types\/post"}],"author":[{"embeddable":true,"href":"https:\/\/agora.xtec.cat\/escola-bernatmetgeelprat\/wp-json\/wp\/v2\/users\/1"}],"replies":[{"embeddable":true,"href":"https:\/\/agora.xtec.cat\/escola-bernatmetgeelprat\/wp-json\/wp\/v2\/comments?post=20612"}],"version-history":[{"count":3,"href":"https:\/\/agora.xtec.cat\/escola-bernatmetgeelprat\/wp-json\/wp\/v2\/posts\/20612\/revisions"}],"predecessor-version":[{"id":20616,"href":"https:\/\/agora.xtec.cat\/escola-bernatmetgeelprat\/wp-json\/wp\/v2\/posts\/20612\/revisions\/20616"}],"wp:attachment":[{"href":"https:\/\/agora.xtec.cat\/escola-bernatmetgeelprat\/wp-json\/wp\/v2\/media?parent=20612"}],"wp:term":[{"taxonomy":"category","embeddable":true,"href":"https:\/\/agora.xtec.cat\/escola-bernatmetgeelprat\/wp-json\/wp\/v2\/categories?post=20612"},{"taxonomy":"post_tag","embeddable":true,"href":"https:\/\/agora.xtec.cat\/escola-bernatmetgeelprat\/wp-json\/wp\/v2\/tags?post=20612"}],"curies":[{"name":"wp","href":"https:\/\/api.w.org\/{rel}","templated":true}]}}