{"id":20593,"date":"2021-02-08T10:27:02","date_gmt":"2021-02-08T09:27:02","guid":{"rendered":"https:\/\/agora.xtec.cat\/escola-bernatmetgeelprat\/?p=20593"},"modified":"2021-02-08T12:59:39","modified_gmt":"2021-02-08T11:59:39","slug":"com-treballen-els-taurons","status":"publish","type":"post","link":"https:\/\/agora.xtec.cat\/escola-bernatmetgeelprat\/general\/com-treballen-els-taurons\/","title":{"rendered":"Com treballen els Taurons P5"},"content":{"rendered":"<p>Benvolgudes fam\u00edlies,<\/p>\n<p>La classe dels Taurons us vol ensenyar com \u00e9s el seu dia a dia l&#8217;escola, per aix\u00f2 us explicarem tot el que hem fet aquest dijous i alguna activitat del divendres.<\/p>\n<p><strong>Dijous<\/strong><\/p>\n<p>Per comen\u00e7ar el dijous, abans d&#8217;entrar a la classe, pengem els nostres abrics i ens rentem les mans. Un cop a la classe, ens espera una petita activitat sobre la taula, aquest cop ha estat escriure el nostre nom en lletra lligada.<\/p>\n<p>Un cop estem tots i totes dins la classe, cantem la can\u00e7\u00f3 del bon dia i dels dies de la setmana. Tot seguit, conversem sobre el que farem al llarg del dia.<\/p>\n<p>Comencem el dia fent quatre grups interactius:<\/p>\n<ul>\n<li>Construccions amb indis.<\/li>\n<li>Seq\u00fc\u00e8ncia sobre el naixement d&#8217;un pollet.<\/li>\n<li>Minim\u00f3n amb animals del pol Nord i sorra cin\u00e8tica per experimentar.<\/li>\n<li>Tauletes amb activitats sobre l&#8217;hivern.<\/li>\n<\/ul>\n<p><a href=\"https:\/\/photos.app.goo.gl\/s6imGUoFLY5WAvVq6\" target=\"_blank\" rel=\"noopener noreferrer\"><img loading=\"lazy\" decoding=\"async\" src=\"https:\/\/lh3.googleusercontent.com\/MzsbNfGpU9IT3tYYOevfbxCrfHE5olfZGwH8x8T7NsnvwWf16m0Rhoi-NCjw5yqdTeX9pcwV3qv_fWAek0r2P7JEWnIG3uXBK_fLxihAZWhkjhPC2wTDH8Zh30fh6fKHgnmUY3zjEaYTzZchEc-7Onjn9j8fGYEqVho5ejSX97m3wAcOsqmF3FhMFq8ebT1MhQJj7_QCQqg5Yws-Vjqxm9whAT2RpPZ_YnpSjp9yB_aKWqshG-NrcEXcDpom21CUBAuADZQqPpV0YxUzgemFJOuRyiVU2TpVxFX-sMA1SigtQ2_hONRtjIUSFT0vmO1koxHcK_9qcuywH9xi1wDOm-rCxxlDWUkoI_91z-3j1ttEfy1pPAdxVk9dF5QuAWhZcEWCAVlgZEHtLaUAUYBIT8zMBF1C5WJRRow9gRzncng7XD85Fl4IIpCOsH8-aR6QGBXZkpeb0aGknupVJGb6tk7B96V_luCIAsbPQhiSULZKJscR2RA1pOfp8peKWrVqdNsNbrIFT9ghabdJRbQASjfTYwCAHoWeBR9NThvr-n7BvdDV0-WF498ZK2PykohVpAcIlUYEfube3d7jzUb0LqPU7pFaPJ7ypyEBN5hhSGVL6cA127_Skijv7qFcO2Npl7M3eDKc8srQhzei0pbvYD94UV2zfbKVreLkI-hgkWsc5yij_qjm0KDfRCRm=w1157-h868-no?authuser=1\" alt=\"\" width=\"1157\" height=\"868\" \/><\/a><\/p>\n<p><em>Cliqueu sobre la foto per veure l&#8217;\u00e0lbum<\/em><\/p>\n<p>Al acabar, esmorzem i sortim al pati, aquest cop ens ha tocat el de les taules de fusta.<\/p>\n<p>En tornar, ens espera una activitat especial, la fam\u00edlia de la Maria ens ha gravat un v\u00eddeo ensenyant-nos els seus r\u00e8ptils. Hem apr\u00e8s molt sobre aquests animals i els infants han gaudit d&#8217;all\u00f2 m\u00e9s.<\/p>\n<p><a href=\"https:\/\/photos.app.goo.gl\/Nr2W7Km2dorQ6Ray9\" target=\"_blank\" rel=\"noopener noreferrer\"><img decoding=\"async\" src=\"https:\/\/lh3.googleusercontent.com\/pw\/ACtC-3c8VL7bf87E99Ke6gLqwiZMn1E_3kEVwxkOcr8Yd5OyJb7F8kJEhNhOELc0H6ni4VmghZiw-O0FoAXMz8Ngjp2R_iJHviVp7JxRslIPwyEyHmtvwUm9y9VXiASDtwFnWgRSia60ilvbBdPd9Xii6DBn=w1157-h868-no?authuser=1\" \/><\/a><\/p>\n<p><em>Cliqueu sobre la foto per veure l&#8217;\u00e0lbum<\/em><\/p>\n<p>En tornar a la tarda, ens rentem les mans i manipulem la plastilina. Passem llista, comptem els nens i nenes que no han vingut i fen matem\u00e0tiques. Ens toca la tarda d&#8217;Art relacionada amb Carnaval.<\/p>\n<p>Expliquem el conte del Carnestoltes amb la PDI, ballem la seva can\u00e7\u00f3 i pintem una mascareta amb ceres.<\/p>\n<p><a href=\"https:\/\/photos.app.goo.gl\/wURATNUu75XnYUQr7\" target=\"_blank\" rel=\"noopener noreferrer\"><img decoding=\"async\" src=\"https:\/\/lh3.googleusercontent.com\/c8E-elmGRCLRXrVkXj_h5OOZ-K5wESqj9HiAo36C7ajnyZ69jiYbFkDkqCVo3FddN71bimycMbOfL6X0DaI4iOsWlKdNV8lno_0Zhz-ugxEQq5T5PrT6opC_szzeqPLrQkpYEppclJDav6QD-g25BkyhSJLk_bKbdIbN4n7jj6QGFBfl90gWcceNpFyZpLm97SJz12s7x5QsKd-_V92GTHQRhnT8V12PnJWmKPsWks3L2euG6StOfJjtdHfMb72sVCrw8ZMokveZNRdsKNyFqpXLtpbj1dZ7U84Rg7-CXc_gI6fDtfPlcYja_AXLFXt8N9m6DDzEkwNl-uSTTwB8ca0KiXxAuw0THLB7Ca3HqzhzFhGOpJgCHiFyPyc24HPHiWo2RPjtj_HyRKzCOUOPBvCBcCHZgZopyFIevcg5Tb9u7SD86zRxd74NUXi0dPuDIDcDufS1esmFdgvjxl5eNSEBi47NOHN43rFTRPD5OJ0eRVs7Hjwg0WyM84JzvbrefHiY8uSrfu0LWCkK9D-BJPOA_6tj77ue91QAy0etOAEvplAOfLUWqsPosmTP1rR0idsUyrtAqvAEKXPwx9He2krJBVUhNR_eLaRBjdMshfu_oxQlyAzUmwpn973ggC5NUlGoiK3eiVadlZI5Qc_cKlyv31rZwMixiwVVjZfa8E0LK3iDfpQKdkcf0ztY=w1157-h868-no?authuser=1\" \/><\/a><\/p>\n<p><em>Cliqueu sobre la foto per veure l&#8217;\u00e0lbum<\/em><\/p>\n<p>Al acabar, recollim i agafem les coses per retrobar-nos amb alegria amb les nostres fam\u00edlies.<\/p>\n<p><em><strong>Divendres<\/strong><\/em><\/p>\n<p>El divendres comen\u00e7a amb les mateixes rutines que el dia anterior, ens rentem les mans i entrem a l&#8217;aula, aquest cop ens esperen sobre la taula les mascaretes per acabar de pintar-les. Per aquells que ja les han acabat, tenen les pissarres vileda per realitzar diferents tra\u00e7os.<\/p>\n<p>Tot seguit, realitzem una activitat on es convertim ens escriptors i escriptores. Se&#8217;ns passa el temps volant i ja \u00e9s hora d&#8217;esmorzar i anar al pati de sorra.<\/p>\n<p>A la tornada ens espera una activitat especial, la mare del David s&#8217;ha gravat explicant-nos un conte. El visionem i conversem sobre el missatge tan bonic que transmet.<\/p>\n<p><a href=\"https:\/\/photos.app.goo.gl\/4m6C57Ze5nCeWdkH7\" target=\"_blank\" rel=\"noopener noreferrer\"><img decoding=\"async\" src=\"https:\/\/images-na.ssl-images-amazon.com\/images\/I\/51J42Dc9FcL._SY472_BO1,204,203,200_.jpg\" \/><\/a><\/p>\n<p><em>Cliqueu sobre la foto per veure l&#8217;\u00e0lbum<\/em><\/p>\n<p>Al acabar, \u00e9s l&#8217;hora de dinar. A la tornada a l&#8217;escola, ens espera la tarda de joc simb\u00f2lic.<\/p>\n<p>Esperem que us agradi veure als vostres fills i filles ja que aquest any \u00e9s estrany, volem apropar-vos al que fem a la classe dels taurons.<\/p>\n<p>Sonia i Tere<\/p>\n","protected":false},"excerpt":{"rendered":"<p>Benvolgudes fam\u00edlies,<br \/>\nLa classe dels Taurons us vol ensenyar com \u00e9s el seu dia a dia l&#8217;escola, per aix\u00f2 us explicarem tot el que hem fet aquest dijous i alguna activitat del divendres.<br \/>\nDijous<br \/>\nPer comen\u00e7ar el dijous, abans d&#8217;entrar a la classe, pengem els nostres abrics i&hellip;  <a href=\"https:\/\/agora.xtec.cat\/escola-bernatmetgeelprat\/general\/com-treballen-els-taurons\/\" title=\"Read Com treballen els Taurons P5\">Llegeix m\u00e9s\u00bb<\/a><\/p>\n","protected":false},"author":1,"featured_media":0,"comment_status":"open","ping_status":"closed","sticky":false,"template":"","format":"standard","meta":{"_bbp_topic_count":0,"_bbp_reply_count":0,"_bbp_total_topic_count":0,"_bbp_total_reply_count":0,"_bbp_voice_count":0,"_bbp_anonymous_reply_count":0,"_bbp_topic_count_hidden":0,"_bbp_reply_count_hidden":0,"_bbp_forum_subforum_count":0,"footnotes":""},"categories":[1,9,2,4],"tags":[],"class_list":["post-20593","post","type-post","status-publish","format-standard","hentry","category-general","category-i5","category-infantil","category-portada"],"post_mailing_queue_ids":[],"_links":{"self":[{"href":"https:\/\/agora.xtec.cat\/escola-bernatmetgeelprat\/wp-json\/wp\/v2\/posts\/20593","targetHints":{"allow":["GET"]}}],"collection":[{"href":"https:\/\/agora.xtec.cat\/escola-bernatmetgeelprat\/wp-json\/wp\/v2\/posts"}],"about":[{"href":"https:\/\/agora.xtec.cat\/escola-bernatmetgeelprat\/wp-json\/wp\/v2\/types\/post"}],"author":[{"embeddable":true,"href":"https:\/\/agora.xtec.cat\/escola-bernatmetgeelprat\/wp-json\/wp\/v2\/users\/1"}],"replies":[{"embeddable":true,"href":"https:\/\/agora.xtec.cat\/escola-bernatmetgeelprat\/wp-json\/wp\/v2\/comments?post=20593"}],"version-history":[{"count":3,"href":"https:\/\/agora.xtec.cat\/escola-bernatmetgeelprat\/wp-json\/wp\/v2\/posts\/20593\/revisions"}],"predecessor-version":[{"id":20631,"href":"https:\/\/agora.xtec.cat\/escola-bernatmetgeelprat\/wp-json\/wp\/v2\/posts\/20593\/revisions\/20631"}],"wp:attachment":[{"href":"https:\/\/agora.xtec.cat\/escola-bernatmetgeelprat\/wp-json\/wp\/v2\/media?parent=20593"}],"wp:term":[{"taxonomy":"category","embeddable":true,"href":"https:\/\/agora.xtec.cat\/escola-bernatmetgeelprat\/wp-json\/wp\/v2\/categories?post=20593"},{"taxonomy":"post_tag","embeddable":true,"href":"https:\/\/agora.xtec.cat\/escola-bernatmetgeelprat\/wp-json\/wp\/v2\/tags?post=20593"}],"curies":[{"name":"wp","href":"https:\/\/api.w.org\/{rel}","templated":true}]}}