{"id":20377,"date":"2020-12-01T11:39:11","date_gmt":"2020-12-01T10:39:11","guid":{"rendered":"https:\/\/agora.xtec.cat\/escola-bernatmetgeelprat\/?p=20377"},"modified":"2020-12-01T11:46:15","modified_gmt":"2020-12-01T10:46:15","slug":"gimcana-halloween-party","status":"publish","type":"post","link":"https:\/\/agora.xtec.cat\/escola-bernatmetgeelprat\/portada\/gimcana-halloween-party\/","title":{"rendered":"Gimcana Halloween Party"},"content":{"rendered":"<p style=\"text-align: justify;\">El passat 30 d&#8217;octubre tots els alumnes de Prim\u00e0ria van participar en la gimcana Halloween Party. Per adaptar la gimcana a la normativa vigent de seguretat i higiene cada nivell la va fer a la seva aula.<\/p>\n<p style=\"text-align: justify;\">Aquesta gimcana la va organitzar l&#8217;alumnat de sis\u00e8. Per aquest motiu van gravar un v\u00eddeo en angl\u00e8s explicant a tots els seus companys i companyes quines serien les activitats a realitzar.<\/p>\n<p style=\"text-align: justify;\">Tots els nens i nenes van gaudir molt\u00edssim amb la gimcana preparada pels seus companys i companyes!<\/p>\n<p><iframe loading=\"lazy\" src=\"https:\/\/www.youtube.com\/embed\/6fVo6EUd0pE\" width=\"560\" height=\"315\" frameborder=\"0\"><\/iframe><\/p>\n<p><a href=\"https:\/\/photos.app.goo.gl\/1ywEZTXhT4v29r3R6\" target=\"_blank\" rel=\"noopener noreferrer\"><img loading=\"lazy\" decoding=\"async\" class=\"alignright wp-image-20380\" src=\"https:\/\/agora.xtec.cat\/escola-bernatmetgeelprat\/wp-content\/uploads\/usu186\/2020\/12\/IMG_20201030_160613.jpg\" alt=\"\" width=\"1295\" height=\"969\" srcset=\"https:\/\/agora.xtec.cat\/escola-bernatmetgeelprat\/wp-content\/uploads\/usu186\/2020\/12\/IMG_20201030_160613.jpg 4032w, https:\/\/agora.xtec.cat\/escola-bernatmetgeelprat\/wp-content\/uploads\/usu186\/2020\/12\/IMG_20201030_160613-300x224.jpg 300w, https:\/\/agora.xtec.cat\/escola-bernatmetgeelprat\/wp-content\/uploads\/usu186\/2020\/12\/IMG_20201030_160613-768x574.jpg 768w, https:\/\/agora.xtec.cat\/escola-bernatmetgeelprat\/wp-content\/uploads\/usu186\/2020\/12\/IMG_20201030_160613-1024x766.jpg 1024w, https:\/\/agora.xtec.cat\/escola-bernatmetgeelprat\/wp-content\/uploads\/usu186\/2020\/12\/IMG_20201030_160613-200x150.jpg 200w\" sizes=\"auto, (max-width: 1295px) 100vw, 1295px\" \/><\/a><\/p>\n<p>Clicant a les imatges podreu accedir als \u00e0lbums de fotografies.<\/p>\n<p>(Av\u00eds: La publicaci\u00f3 d\u2019imatges de l\u2019alumnat de l\u2019escola correspon \u00fanicament a la pr\u00f2pia escola. Per tant, \u00e9s prohibida la difusi\u00f3 o manipulaci\u00f3 en d\u2019altres espais p\u00fablics. Llei org\u00e0nica 1\/1982 de 5 de maig sobre el dret a l\u2019honor, a la pr\u00f2pia intimitat i la pr\u00f2pia imatge.)<\/p>\n","protected":false},"excerpt":{"rendered":"<p>El passat 30 d&#8217;octubre tots els alumnes de Prim\u00e0ria van participar en la gimcana Halloween Party. Per adaptar la gimcana a la normativa vigent de seguretat i higiene cada nivell la va fer a la seva aula.<br \/>\nAquesta gimcana la va organitzar l&#8217;alumnat de sis\u00e8. Per&hellip;  <a href=\"https:\/\/agora.xtec.cat\/escola-bernatmetgeelprat\/portada\/gimcana-halloween-party\/\" title=\"Read Gimcana Halloween Party\">Llegeix m\u00e9s\u00bb<\/a><\/p>\n","protected":false},"author":1,"featured_media":20378,"comment_status":"open","ping_status":"closed","sticky":false,"template":"","format":"standard","meta":{"_bbp_topic_count":0,"_bbp_reply_count":0,"_bbp_total_topic_count":0,"_bbp_total_reply_count":0,"_bbp_voice_count":0,"_bbp_anonymous_reply_count":0,"_bbp_topic_count_hidden":0,"_bbp_reply_count_hidden":0,"_bbp_forum_subforum_count":0,"footnotes":""},"categories":[24,25,26,27,21,62,22,4,5,30,74,68],"tags":[],"class_list":["post-20377","post","type-post","status-publish","format-standard","has-post-thumbnail","hentry","category-castanyada","category-cicle-inicial","category-cicle-mitja","category-cicle-superior","category-cicles","category-escola-plurilingue-gep","category-festes","category-portada","category-primaria","category-projectes","category-treball-per-projectes","category-xarxa-competencies-basiques"],"post_mailing_queue_ids":[],"_links":{"self":[{"href":"https:\/\/agora.xtec.cat\/escola-bernatmetgeelprat\/wp-json\/wp\/v2\/posts\/20377","targetHints":{"allow":["GET"]}}],"collection":[{"href":"https:\/\/agora.xtec.cat\/escola-bernatmetgeelprat\/wp-json\/wp\/v2\/posts"}],"about":[{"href":"https:\/\/agora.xtec.cat\/escola-bernatmetgeelprat\/wp-json\/wp\/v2\/types\/post"}],"author":[{"embeddable":true,"href":"https:\/\/agora.xtec.cat\/escola-bernatmetgeelprat\/wp-json\/wp\/v2\/users\/1"}],"replies":[{"embeddable":true,"href":"https:\/\/agora.xtec.cat\/escola-bernatmetgeelprat\/wp-json\/wp\/v2\/comments?post=20377"}],"version-history":[{"count":3,"href":"https:\/\/agora.xtec.cat\/escola-bernatmetgeelprat\/wp-json\/wp\/v2\/posts\/20377\/revisions"}],"predecessor-version":[{"id":20385,"href":"https:\/\/agora.xtec.cat\/escola-bernatmetgeelprat\/wp-json\/wp\/v2\/posts\/20377\/revisions\/20385"}],"wp:featuredmedia":[{"embeddable":true,"href":"https:\/\/agora.xtec.cat\/escola-bernatmetgeelprat\/wp-json\/wp\/v2\/media\/20378"}],"wp:attachment":[{"href":"https:\/\/agora.xtec.cat\/escola-bernatmetgeelprat\/wp-json\/wp\/v2\/media?parent=20377"}],"wp:term":[{"taxonomy":"category","embeddable":true,"href":"https:\/\/agora.xtec.cat\/escola-bernatmetgeelprat\/wp-json\/wp\/v2\/categories?post=20377"},{"taxonomy":"post_tag","embeddable":true,"href":"https:\/\/agora.xtec.cat\/escola-bernatmetgeelprat\/wp-json\/wp\/v2\/tags?post=20377"}],"curies":[{"name":"wp","href":"https:\/\/api.w.org\/{rel}","templated":true}]}}