{"id":20261,"date":"2020-10-18T15:37:05","date_gmt":"2020-10-18T13:37:05","guid":{"rendered":"https:\/\/agora.xtec.cat\/escola-bernatmetgeelprat\/?p=20261"},"modified":"2020-10-18T15:41:40","modified_gmt":"2020-10-18T13:41:40","slug":"fem-mandales-al-pati","status":"publish","type":"post","link":"https:\/\/agora.xtec.cat\/escola-bernatmetgeelprat\/portada\/fem-mandales-al-pati\/","title":{"rendered":"Fem mandales al pati amb elements naturals"},"content":{"rendered":"<p>Fam\u00edlies, sab\u00edeu que la natura \u00e9s plena de formes geom\u00e8triques que combinades es converteixen en veritables obres d&#8217;art?<\/p>\n<p>Aquests dies al pati de menjador, els nens i nenes de cicle inicial han creat elements preciosos d&#8217;art ef\u00edmer <span style=\"font-family: inherit; font-size: 1em;\">\u00a0amb la seva monitora, la Maria Jos\u00e9.<\/span><\/p>\n<p>Us ensenyem algunes de les seves genials produccions!<a href=\"https:\/\/agora.xtec.cat\/escola-bernatmetgeelprat\/wp-content\/uploads\/usu186\/2020\/10\/IMG-20201008-WA0000.jpg\"><img loading=\"lazy\" decoding=\"async\" class=\"alignright size-full wp-image-20262\" src=\"https:\/\/agora.xtec.cat\/escola-bernatmetgeelprat\/wp-content\/uploads\/usu186\/2020\/10\/IMG-20201008-WA0000.jpg\" alt=\"\" width=\"1483\" height=\"1600\" srcset=\"https:\/\/agora.xtec.cat\/escola-bernatmetgeelprat\/wp-content\/uploads\/usu186\/2020\/10\/IMG-20201008-WA0000.jpg 1483w, https:\/\/agora.xtec.cat\/escola-bernatmetgeelprat\/wp-content\/uploads\/usu186\/2020\/10\/IMG-20201008-WA0000-278x300.jpg 278w, https:\/\/agora.xtec.cat\/escola-bernatmetgeelprat\/wp-content\/uploads\/usu186\/2020\/10\/IMG-20201008-WA0000-768x829.jpg 768w, https:\/\/agora.xtec.cat\/escola-bernatmetgeelprat\/wp-content\/uploads\/usu186\/2020\/10\/IMG-20201008-WA0000-949x1024.jpg 949w\" sizes=\"auto, (max-width: 1483px) 100vw, 1483px\" \/><\/a> <a href=\"https:\/\/agora.xtec.cat\/escola-bernatmetgeelprat\/wp-content\/uploads\/usu186\/2020\/10\/IMG-20201008-WA0001.jpg\"><img loading=\"lazy\" decoding=\"async\" class=\"alignright size-full wp-image-20263\" src=\"https:\/\/agora.xtec.cat\/escola-bernatmetgeelprat\/wp-content\/uploads\/usu186\/2020\/10\/IMG-20201008-WA0001.jpg\" alt=\"\" width=\"1600\" height=\"1406\" srcset=\"https:\/\/agora.xtec.cat\/escola-bernatmetgeelprat\/wp-content\/uploads\/usu186\/2020\/10\/IMG-20201008-WA0001.jpg 1600w, https:\/\/agora.xtec.cat\/escola-bernatmetgeelprat\/wp-content\/uploads\/usu186\/2020\/10\/IMG-20201008-WA0001-300x264.jpg 300w, https:\/\/agora.xtec.cat\/escola-bernatmetgeelprat\/wp-content\/uploads\/usu186\/2020\/10\/IMG-20201008-WA0001-768x675.jpg 768w, https:\/\/agora.xtec.cat\/escola-bernatmetgeelprat\/wp-content\/uploads\/usu186\/2020\/10\/IMG-20201008-WA0001-1024x900.jpg 1024w\" sizes=\"auto, (max-width: 1600px) 100vw, 1600px\" \/><\/a> <a href=\"https:\/\/agora.xtec.cat\/escola-bernatmetgeelprat\/wp-content\/uploads\/usu186\/2020\/10\/IMG-20201008-WA0002.jpg\"><img loading=\"lazy\" decoding=\"async\" class=\"alignright size-full wp-image-20264\" src=\"https:\/\/agora.xtec.cat\/escola-bernatmetgeelprat\/wp-content\/uploads\/usu186\/2020\/10\/IMG-20201008-WA0002.jpg\" alt=\"\" width=\"1124\" height=\"1541\" srcset=\"https:\/\/agora.xtec.cat\/escola-bernatmetgeelprat\/wp-content\/uploads\/usu186\/2020\/10\/IMG-20201008-WA0002.jpg 1124w, https:\/\/agora.xtec.cat\/escola-bernatmetgeelprat\/wp-content\/uploads\/usu186\/2020\/10\/IMG-20201008-WA0002-219x300.jpg 219w, https:\/\/agora.xtec.cat\/escola-bernatmetgeelprat\/wp-content\/uploads\/usu186\/2020\/10\/IMG-20201008-WA0002-768x1053.jpg 768w, https:\/\/agora.xtec.cat\/escola-bernatmetgeelprat\/wp-content\/uploads\/usu186\/2020\/10\/IMG-20201008-WA0002-747x1024.jpg 747w\" sizes=\"auto, (max-width: 1124px) 100vw, 1124px\" \/><\/a><\/p>\n","protected":false},"excerpt":{"rendered":"<p>Fam\u00edlies, sab\u00edeu que la natura \u00e9s plena de formes geom\u00e8triques que combinades es converteixen en veritables obres d&#8217;art? Aquests dies al pati de menjador, els nens i nenes de cicle inicial han creat elements preciosos d&#8217;art ef\u00edmer \u00a0amb la seva monitora, la Maria Jos\u00e9. Us ensenyem algunes de les seves genials produccions!<\/p>\n","protected":false},"author":1,"featured_media":0,"comment_status":"open","ping_status":"closed","sticky":false,"template":"","format":"standard","meta":{"_bbp_topic_count":0,"_bbp_reply_count":0,"_bbp_total_topic_count":0,"_bbp_total_reply_count":0,"_bbp_voice_count":0,"_bbp_anonymous_reply_count":0,"_bbp_topic_count_hidden":0,"_bbp_reply_count_hidden":0,"_bbp_forum_subforum_count":0,"site-sidebar-layout":"default","site-content-layout":"","ast-site-content-layout":"","site-content-style":"default","site-sidebar-style":"default","ast-global-header-display":"","ast-banner-title-visibility":"","ast-main-header-display":"","ast-hfb-above-header-display":"","ast-hfb-below-header-display":"","ast-hfb-mobile-header-display":"","site-post-title":"","ast-breadcrumbs-content":"","ast-featured-img":"","footer-sml-layout":"","theme-transparent-header-meta":"","adv-header-id-meta":"","stick-header-meta":"","header-above-stick-meta":"","header-main-stick-meta":"","header-below-stick-meta":"","astra-migrate-meta-layouts":"default","ast-page-background-enabled":"default","ast-page-background-meta":{"desktop":{"background-color":"var(--ast-global-color-4)","background-image":"","background-repeat":"repeat","background-position":"center center","background-size":"auto","background-attachment":"scroll","background-type":"","background-media":"","overlay-type":"","overlay-color":"","overlay-opacity":"","overlay-gradient":""},"tablet":{"background-color":"","background-image":"","background-repeat":"repeat","background-position":"center center","background-size":"auto","background-attachment":"scroll","background-type":"","background-media":"","overlay-type":"","overlay-color":"","overlay-opacity":"","overlay-gradient":""},"mobile":{"background-color":"","background-image":"","background-repeat":"repeat","background-position":"center center","background-size":"auto","background-attachment":"scroll","background-type":"","background-media":"","overlay-type":"","overlay-color":"","overlay-opacity":"","overlay-gradient":""}},"ast-content-background-meta":{"desktop":{"background-color":"var(--ast-global-color-5)","background-image":"","background-repeat":"repeat","background-position":"center center","background-size":"auto","background-attachment":"scroll","background-type":"","background-media":"","overlay-type":"","overlay-color":"","overlay-opacity":"","overlay-gradient":""},"tablet":{"background-color":"var(--ast-global-color-5)","background-image":"","background-repeat":"repeat","background-position":"center center","background-size":"auto","background-attachment":"scroll","background-type":"","background-media":"","overlay-type":"","overlay-color":"","overlay-opacity":"","overlay-gradient":""},"mobile":{"background-color":"var(--ast-global-color-5)","background-image":"","background-repeat":"repeat","background-position":"center center","background-size":"auto","background-attachment":"scroll","background-type":"","background-media":"","overlay-type":"","overlay-color":"","overlay-opacity":"","overlay-gradient":""}},"footnotes":""},"categories":[10,11,25,4,5],"tags":[],"class_list":["post-20261","post","type-post","status-publish","format-standard","hentry","category-1r","category-2n","category-cicle-inicial","category-portada","category-primaria"],"post_mailing_queue_ids":[],"_links":{"self":[{"href":"https:\/\/agora.xtec.cat\/escola-bernatmetgeelprat\/wp-json\/wp\/v2\/posts\/20261","targetHints":{"allow":["GET"]}}],"collection":[{"href":"https:\/\/agora.xtec.cat\/escola-bernatmetgeelprat\/wp-json\/wp\/v2\/posts"}],"about":[{"href":"https:\/\/agora.xtec.cat\/escola-bernatmetgeelprat\/wp-json\/wp\/v2\/types\/post"}],"author":[{"embeddable":true,"href":"https:\/\/agora.xtec.cat\/escola-bernatmetgeelprat\/wp-json\/wp\/v2\/users\/1"}],"replies":[{"embeddable":true,"href":"https:\/\/agora.xtec.cat\/escola-bernatmetgeelprat\/wp-json\/wp\/v2\/comments?post=20261"}],"version-history":[{"count":3,"href":"https:\/\/agora.xtec.cat\/escola-bernatmetgeelprat\/wp-json\/wp\/v2\/posts\/20261\/revisions"}],"predecessor-version":[{"id":20269,"href":"https:\/\/agora.xtec.cat\/escola-bernatmetgeelprat\/wp-json\/wp\/v2\/posts\/20261\/revisions\/20269"}],"wp:attachment":[{"href":"https:\/\/agora.xtec.cat\/escola-bernatmetgeelprat\/wp-json\/wp\/v2\/media?parent=20261"}],"wp:term":[{"taxonomy":"category","embeddable":true,"href":"https:\/\/agora.xtec.cat\/escola-bernatmetgeelprat\/wp-json\/wp\/v2\/categories?post=20261"},{"taxonomy":"post_tag","embeddable":true,"href":"https:\/\/agora.xtec.cat\/escola-bernatmetgeelprat\/wp-json\/wp\/v2\/tags?post=20261"}],"curies":[{"name":"wp","href":"https:\/\/api.w.org\/{rel}","templated":true}]}}