{"id":20010,"date":"2020-06-14T23:08:28","date_gmt":"2020-06-14T21:08:28","guid":{"rendered":"https:\/\/agora.xtec.cat\/escola-bernatmetgeelprat\/?p=20010"},"modified":"2020-06-17T08:22:52","modified_gmt":"2020-06-17T06:22:52","slug":"cicle-mitja-participa-a-la-first-lego-league-digital-edition","status":"publish","type":"post","link":"https:\/\/agora.xtec.cat\/escola-bernatmetgeelprat\/general\/cicle-mitja-participa-a-la-first-lego-league-digital-edition\/","title":{"rendered":"Cicle mitj\u00e0 participa a la First Lego League DIGITAL EDITION"},"content":{"rendered":"<p>Els equips\u00a0 B-Friends i Girls of Lego dels cursos de 3r i 4t\u00a0 de la nostra escola,\u00a0 presentaran els seus projectes de construcci\u00f3 a la primera Edici\u00f3 Digital de la First Lego Legue\u00a0 junior\u00a0 en els que han treballat durant tot el curs.<a href=\"https:\/\/ca.firstlegoleague.es\/\"><img loading=\"lazy\" decoding=\"async\" class=\"alignright wp-image-20015\" src=\"https:\/\/agora.xtec.cat\/escola-bernatmetgeelprat\/wp-content\/uploads\/usu186\/2020\/06\/20200207_161207-COLLAGE.jpg\" alt=\"\" width=\"586\" height=\"586\" srcset=\"https:\/\/agora.xtec.cat\/escola-bernatmetgeelprat\/wp-content\/uploads\/usu186\/2020\/06\/20200207_161207-COLLAGE.jpg 882w, https:\/\/agora.xtec.cat\/escola-bernatmetgeelprat\/wp-content\/uploads\/usu186\/2020\/06\/20200207_161207-COLLAGE-150x150.jpg 150w, https:\/\/agora.xtec.cat\/escola-bernatmetgeelprat\/wp-content\/uploads\/usu186\/2020\/06\/20200207_161207-COLLAGE-300x300.jpg 300w, https:\/\/agora.xtec.cat\/escola-bernatmetgeelprat\/wp-content\/uploads\/usu186\/2020\/06\/20200207_161207-COLLAGE-768x768.jpg 768w\" sizes=\"auto, (max-width: 586px) 100vw, 586px\" \/><\/a><\/p>\n<p>Han dissenyat uns edificis com a expertes enginyeres i\u00a0 arquitectes &#8230;<\/p>\n<p>Han fet els pl\u00e0nols, han realitzat la maqueta i han programat v\u00e0ries\u00a0 parts de la seva maqueta: la grua, l&#8217;aerogenerador, una porta, un ascensor&#8230;\u00a0 Com a bon equip han treballat totes les \u00e0rees de coneixement:\u00a0 matem\u00e0tiques, ci\u00e8ncies, llengua i arts i tamb\u00e9 angl\u00e8s&#8230;<\/p>\n<p>Han treballat molt\u00edssim i esperen que tots i totes fam\u00edlies amics i companys les acompanyeu en l&#8217;esdeveniment.<\/p>\n<p>Esteu tots convidats,\u00a0 dem\u00e0 dimarts 17 de juny a les 10:00\u00a0 a seguir-lo en directe a la sala 1. Podreu ccedir clicant l&#8217;enlla\u00e7 de la foto de la p\u00e0gina web de la fundaci\u00f3 scientia que ens ha faciitat viure aquesta experi\u00e8ncia.:<a href=\"https:\/\/ca.firstlegoleague.es\/evento-flljr-bcn-scientia\" target=\"_blank\" rel=\"noopener noreferrer\"><img loading=\"lazy\" decoding=\"async\" class=\"wp-image-20013 alignleft\" src=\"https:\/\/agora.xtec.cat\/escola-bernatmetgeelprat\/wp-content\/uploads\/usu186\/2020\/06\/FLL-JR-digital-edition-1024x706.jpg\" alt=\"\" width=\"342\" height=\"236\" srcset=\"https:\/\/agora.xtec.cat\/escola-bernatmetgeelprat\/wp-content\/uploads\/usu186\/2020\/06\/FLL-JR-digital-edition-1024x706.jpg 1024w, https:\/\/agora.xtec.cat\/escola-bernatmetgeelprat\/wp-content\/uploads\/usu186\/2020\/06\/FLL-JR-digital-edition-300x207.jpg 300w, https:\/\/agora.xtec.cat\/escola-bernatmetgeelprat\/wp-content\/uploads\/usu186\/2020\/06\/FLL-JR-digital-edition-768x529.jpg 768w, https:\/\/agora.xtec.cat\/escola-bernatmetgeelprat\/wp-content\/uploads\/usu186\/2020\/06\/FLL-JR-digital-edition.jpg 1354w\" sizes=\"auto, (max-width: 342px) 100vw, 342px\" \/><\/a><\/p>\n","protected":false},"excerpt":{"rendered":"<p>Els equips\u00a0 B-Friends i Girls of Lego dels cursos de 3r i 4t\u00a0 de la nostra escola,\u00a0 presentaran els seus projectes de construcci\u00f3 a la primera Edici\u00f3 Digital de la First Lego Legue\u00a0 junior\u00a0 en els que han treballat durant tot el curs.<a href=\"https:\/\/ca.firstlegoleague.es\/\"><\/a><br \/>\nHan dissenyat&hellip;  <a href=\"https:\/\/agora.xtec.cat\/escola-bernatmetgeelprat\/general\/cicle-mitja-participa-a-la-first-lego-league-digital-edition\/\" title=\"Read Cicle mitj\u00e0 participa a la First Lego League DIGITAL EDITION\">Llegeix m\u00e9s\u00bb<\/a><\/p>\n","protected":false},"author":1,"featured_media":0,"comment_status":"open","ping_status":"closed","sticky":false,"template":"","format":"standard","meta":{"_bbp_topic_count":0,"_bbp_reply_count":0,"_bbp_total_topic_count":0,"_bbp_total_reply_count":0,"_bbp_voice_count":0,"_bbp_anonymous_reply_count":0,"_bbp_topic_count_hidden":0,"_bbp_reply_count_hidden":0,"_bbp_forum_subforum_count":0,"footnotes":""},"categories":[12,13,26,21,1,4,5,30,78,74],"tags":[],"class_list":["post-20010","post","type-post","status-publish","format-standard","hentry","category-3r","category-4t","category-cicle-mitja","category-cicles","category-general","category-portada","category-primaria","category-projectes","category-robotica-i-programacio","category-treball-per-projectes"],"post_mailing_queue_ids":[],"_links":{"self":[{"href":"https:\/\/agora.xtec.cat\/escola-bernatmetgeelprat\/wp-json\/wp\/v2\/posts\/20010","targetHints":{"allow":["GET"]}}],"collection":[{"href":"https:\/\/agora.xtec.cat\/escola-bernatmetgeelprat\/wp-json\/wp\/v2\/posts"}],"about":[{"href":"https:\/\/agora.xtec.cat\/escola-bernatmetgeelprat\/wp-json\/wp\/v2\/types\/post"}],"author":[{"embeddable":true,"href":"https:\/\/agora.xtec.cat\/escola-bernatmetgeelprat\/wp-json\/wp\/v2\/users\/1"}],"replies":[{"embeddable":true,"href":"https:\/\/agora.xtec.cat\/escola-bernatmetgeelprat\/wp-json\/wp\/v2\/comments?post=20010"}],"version-history":[{"count":4,"href":"https:\/\/agora.xtec.cat\/escola-bernatmetgeelprat\/wp-json\/wp\/v2\/posts\/20010\/revisions"}],"predecessor-version":[{"id":20089,"href":"https:\/\/agora.xtec.cat\/escola-bernatmetgeelprat\/wp-json\/wp\/v2\/posts\/20010\/revisions\/20089"}],"wp:attachment":[{"href":"https:\/\/agora.xtec.cat\/escola-bernatmetgeelprat\/wp-json\/wp\/v2\/media?parent=20010"}],"wp:term":[{"taxonomy":"category","embeddable":true,"href":"https:\/\/agora.xtec.cat\/escola-bernatmetgeelprat\/wp-json\/wp\/v2\/categories?post=20010"},{"taxonomy":"post_tag","embeddable":true,"href":"https:\/\/agora.xtec.cat\/escola-bernatmetgeelprat\/wp-json\/wp\/v2\/tags?post=20010"}],"curies":[{"name":"wp","href":"https:\/\/api.w.org\/{rel}","templated":true}]}}