{"id":19916,"date":"2020-05-31T23:14:21","date_gmt":"2020-05-31T21:14:21","guid":{"rendered":"https:\/\/agora.xtec.cat\/escola-bernatmetgeelprat\/?p=19916"},"modified":"2020-05-31T23:14:21","modified_gmt":"2020-05-31T21:14:21","slug":"4t-ja-som-a-la-recta-final-2-5-de-juny","status":"publish","type":"post","link":"https:\/\/agora.xtec.cat\/escola-bernatmetgeelprat\/primaria\/4t\/4t-ja-som-a-la-recta-final-2-5-de-juny\/","title":{"rendered":"4t, ja som a la recta final! (2-5 de juny)"},"content":{"rendered":"<p>Nois i noies,<br \/>\nEntrem al juny, cada vegada es fa m\u00e9s dif\u00edcil treballar i la calor no ens ajuda gaire. Per\u00f2 heu de pensar que queden pocs dies per acabar els curs i hem de treure energ\u00eda per arribar al final. Estic segura que ho conseguireu<br \/>\nAquesta setmana nom\u00e9s es de quatre dies, ja que dilluns \u00e9s festa.<br \/>\nEns tornem a veure dimecres a la videoconfer\u00e8ncia.<\/p>\n<p>Una abra\u00e7ada forta campions.<\/p>\n<p>Montse<\/p>\n<div style=\"width: 100%;\">\n<div style=\"position: relative; padding-bottom: 70.72%; padding-top: 0; height: 0;\"><iframe loading=\"lazy\" frameborder=\"0\" width=\"1414px\" height=\"1000px\" style=\"position: absolute; top: 0; left: 0; width: 100%; height: 100%;\" src=\"https:\/\/view.genial.ly\/5ecba110ac6a980d91d4e1ef\" type=\"text\/html\" allowscriptaccess=\"always\" allowfullscreen=\"true\" scrolling=\"yes\" allownetworking=\"all\"><\/iframe> <\/div>\n<\/p><\/div>\n","protected":false},"excerpt":{"rendered":"<p>Nois i noies,<br \/>\nEntrem al juny, cada vegada es fa m\u00e9s dif\u00edcil treballar i la calor no ens ajuda gaire. Per\u00f2 heu de pensar que queden pocs dies per acabar els curs i hem de treure energ\u00eda per arribar al final. Estic segura que ho conseguireu<br \/>\nAquesta&hellip;  <a href=\"https:\/\/agora.xtec.cat\/escola-bernatmetgeelprat\/primaria\/4t\/4t-ja-som-a-la-recta-final-2-5-de-juny\/\" title=\"Read 4t, ja som a la recta final! (2-5 de juny)\">Llegeix m\u00e9s\u00bb<\/a><\/p>\n","protected":false},"author":1,"featured_media":0,"comment_status":"open","ping_status":"closed","sticky":false,"template":"","format":"standard","meta":{"_bbp_topic_count":0,"_bbp_reply_count":0,"_bbp_total_topic_count":0,"_bbp_total_reply_count":0,"_bbp_voice_count":0,"_bbp_anonymous_reply_count":0,"_bbp_topic_count_hidden":0,"_bbp_reply_count_hidden":0,"_bbp_forum_subforum_count":0,"footnotes":""},"categories":[13],"tags":[],"class_list":["post-19916","post","type-post","status-publish","format-standard","hentry","category-4t"],"post_mailing_queue_ids":[],"_links":{"self":[{"href":"https:\/\/agora.xtec.cat\/escola-bernatmetgeelprat\/wp-json\/wp\/v2\/posts\/19916","targetHints":{"allow":["GET"]}}],"collection":[{"href":"https:\/\/agora.xtec.cat\/escola-bernatmetgeelprat\/wp-json\/wp\/v2\/posts"}],"about":[{"href":"https:\/\/agora.xtec.cat\/escola-bernatmetgeelprat\/wp-json\/wp\/v2\/types\/post"}],"author":[{"embeddable":true,"href":"https:\/\/agora.xtec.cat\/escola-bernatmetgeelprat\/wp-json\/wp\/v2\/users\/1"}],"replies":[{"embeddable":true,"href":"https:\/\/agora.xtec.cat\/escola-bernatmetgeelprat\/wp-json\/wp\/v2\/comments?post=19916"}],"version-history":[{"count":3,"href":"https:\/\/agora.xtec.cat\/escola-bernatmetgeelprat\/wp-json\/wp\/v2\/posts\/19916\/revisions"}],"predecessor-version":[{"id":19923,"href":"https:\/\/agora.xtec.cat\/escola-bernatmetgeelprat\/wp-json\/wp\/v2\/posts\/19916\/revisions\/19923"}],"wp:attachment":[{"href":"https:\/\/agora.xtec.cat\/escola-bernatmetgeelprat\/wp-json\/wp\/v2\/media?parent=19916"}],"wp:term":[{"taxonomy":"category","embeddable":true,"href":"https:\/\/agora.xtec.cat\/escola-bernatmetgeelprat\/wp-json\/wp\/v2\/categories?post=19916"},{"taxonomy":"post_tag","embeddable":true,"href":"https:\/\/agora.xtec.cat\/escola-bernatmetgeelprat\/wp-json\/wp\/v2\/tags?post=19916"}],"curies":[{"name":"wp","href":"https:\/\/api.w.org\/{rel}","templated":true}]}}