{"id":1979,"date":"2017-05-30T17:04:33","date_gmt":"2017-05-30T15:04:33","guid":{"rendered":"http:\/\/agora.xtec.cat\/escola-bernatmetgeelprat\/?p=1979"},"modified":"2017-05-30T17:04:33","modified_gmt":"2017-05-30T15:04:33","slug":"la-cocodrila-pratina-a-2n","status":"publish","type":"post","link":"https:\/\/agora.xtec.cat\/escola-bernatmetgeelprat\/portada\/la-cocodrila-pratina-a-2n\/","title":{"rendered":"La cocodrila Pratina, a 2n"},"content":{"rendered":"<p>Divendres passat una col\u00b7laboradora de l&#8217;Ajuntament del nostre municipi va explicar als nens i nenes de 2n el conte La cocodrila Pratina. D&#8217;aquesta manera vam treballar l&#8217;\u00e0mbit del creixement personal, en concret la tem\u00e0tica de la viol\u00e8ncia de g\u00e8nere.<\/p>\n<p><a href=\"https:\/\/goo.gl\/photos\/nCmmEuqXxtUE2DjL9\" target=\"_blank\"><img loading=\"lazy\" decoding=\"async\" class=\"alignnone wp-image-1981 size-full\" src=\"http:\/\/agora.xtec.cat\/escola-bernatmetgeelprat\/wp-content\/uploads\/usu186\/2017\/05\/P1020557redimensionat.jpg\" alt=\"P1020557redimensionat\" width=\"750\" height=\"562\" srcset=\"https:\/\/agora.xtec.cat\/escola-bernatmetgeelprat\/wp-content\/uploads\/usu186\/2017\/05\/P1020557redimensionat.jpg 750w, https:\/\/agora.xtec.cat\/escola-bernatmetgeelprat\/wp-content\/uploads\/usu186\/2017\/05\/P1020557redimensionat-300x225.jpg 300w, https:\/\/agora.xtec.cat\/escola-bernatmetgeelprat\/wp-content\/uploads\/usu186\/2017\/05\/P1020557redimensionat-200x150.jpg 200w\" sizes=\"auto, (max-width: 750px) 100vw, 750px\" \/><\/a><\/p>\n<p>Clicant a la imatge podreu accedir a l\u2019\u00e0lbum de fotos de l\u2019activitat.<\/p>\n<p>(Av\u00eds: La publicaci\u00f3 d\u2019imatges de l\u2019alumnat de l\u2019escola correspon \u00fanicament a la pr\u00f2pia escola. Per tant, \u00e9s prohibida la difusi\u00f3 o manipulaci\u00f3 en d\u2019altres espais p\u00fablics. Llei org\u00e0nica 1\/1982 de 5 de maig sobre el dret a l\u2019honor, a la pr\u00f2pia intimitat i la pr\u00f2pia imatge.)<\/p>\n","protected":false},"excerpt":{"rendered":"<p>Divendres passat una col\u00b7laboradora de l&#8217;Ajuntament del nostre municipi va explicar als nens i nenes de 2n el conte La cocodrila Pratina. D&#8217;aquesta manera vam treballar l&#8217;\u00e0mbit del creixement personal, en concret la tem\u00e0tica de la viol\u00e8ncia de g\u00e8nere.<br \/>\n<a href=\"https:\/\/goo.gl\/photos\/nCmmEuqXxtUE2DjL9\" target=\"_blank\"><\/a><br \/>\nClicant a la imatge podreu&hellip;  <a href=\"https:\/\/agora.xtec.cat\/escola-bernatmetgeelprat\/portada\/la-cocodrila-pratina-a-2n\/\" title=\"Read La cocodrila Pratina, a 2n\">Llegeix m\u00e9s\u00bb<\/a><\/p>\n","protected":false},"author":1,"featured_media":1981,"comment_status":"open","ping_status":"closed","sticky":false,"template":"","format":"standard","meta":{"_bbp_topic_count":0,"_bbp_reply_count":0,"_bbp_total_topic_count":0,"_bbp_total_reply_count":0,"_bbp_voice_count":0,"_bbp_anonymous_reply_count":0,"_bbp_topic_count_hidden":0,"_bbp_reply_count_hidden":0,"_bbp_forum_subforum_count":0,"footnotes":""},"categories":[11,4],"tags":[],"class_list":["post-1979","post","type-post","status-publish","format-standard","has-post-thumbnail","hentry","category-2n","category-portada"],"post_mailing_queue_ids":[],"_links":{"self":[{"href":"https:\/\/agora.xtec.cat\/escola-bernatmetgeelprat\/wp-json\/wp\/v2\/posts\/1979","targetHints":{"allow":["GET"]}}],"collection":[{"href":"https:\/\/agora.xtec.cat\/escola-bernatmetgeelprat\/wp-json\/wp\/v2\/posts"}],"about":[{"href":"https:\/\/agora.xtec.cat\/escola-bernatmetgeelprat\/wp-json\/wp\/v2\/types\/post"}],"author":[{"embeddable":true,"href":"https:\/\/agora.xtec.cat\/escola-bernatmetgeelprat\/wp-json\/wp\/v2\/users\/1"}],"replies":[{"embeddable":true,"href":"https:\/\/agora.xtec.cat\/escola-bernatmetgeelprat\/wp-json\/wp\/v2\/comments?post=1979"}],"version-history":[{"count":3,"href":"https:\/\/agora.xtec.cat\/escola-bernatmetgeelprat\/wp-json\/wp\/v2\/posts\/1979\/revisions"}],"predecessor-version":[{"id":1992,"href":"https:\/\/agora.xtec.cat\/escola-bernatmetgeelprat\/wp-json\/wp\/v2\/posts\/1979\/revisions\/1992"}],"wp:featuredmedia":[{"embeddable":true,"href":"https:\/\/agora.xtec.cat\/escola-bernatmetgeelprat\/wp-json\/wp\/v2\/media\/1981"}],"wp:attachment":[{"href":"https:\/\/agora.xtec.cat\/escola-bernatmetgeelprat\/wp-json\/wp\/v2\/media?parent=1979"}],"wp:term":[{"taxonomy":"category","embeddable":true,"href":"https:\/\/agora.xtec.cat\/escola-bernatmetgeelprat\/wp-json\/wp\/v2\/categories?post=1979"},{"taxonomy":"post_tag","embeddable":true,"href":"https:\/\/agora.xtec.cat\/escola-bernatmetgeelprat\/wp-json\/wp\/v2\/tags?post=1979"}],"curies":[{"name":"wp","href":"https:\/\/api.w.org\/{rel}","templated":true}]}}