{"id":19669,"date":"2020-05-04T09:23:22","date_gmt":"2020-05-04T07:23:22","guid":{"rendered":"https:\/\/agora.xtec.cat\/escola-bernatmetgeelprat\/?p=19669"},"modified":"2020-05-04T09:23:43","modified_gmt":"2020-05-04T07:23:43","slug":"5e-feines-per-la-setmana-del-5-al-8-de-maig","status":"publish","type":"post","link":"https:\/\/agora.xtec.cat\/escola-bernatmetgeelprat\/general\/5e-feines-per-la-setmana-del-5-al-8-de-maig\/","title":{"rendered":"5\u00e8&#8230; Feines per la setmana del 5 al 8 de maig."},"content":{"rendered":"<p>Hola boniques i bonics de cinqu\u00e8!<br \/>\nAqu\u00ed estem una altra setmana m\u00e9s. Primer de tot, haig de dir-vos que la majoria de vosaltres heu fet molt b\u00e9 totes les tasques de la setmana passada. Enhorabona! \u00c9s molt important que continueu treballant aix\u00ed de b\u00e9. Ja sabeu que estem al tercer trimestre i \u00e9s la recta final.<br \/>\nAquesta setmana, els nens i nenes que tenen coses endarrerides haurien d&#8217;intentar posar-se al dia enviant al Padlet o al Mail de cinqu\u00e8 tot all\u00f2 que encara els falta. Aprofiteu que aquesta setmana \u00e9s m\u00e9s curta perqu\u00e8 el dilluns \u00e9s festa.<br \/>\nUs avan\u00e7o que aquesta setmana entre altres coses, acabarem el tema dels &#8220;Cossos geom\u00e8trics&#8221;, continuarem aprenent coses de &#8220;La Prehist\u00f2ria&#8221; i comen\u00e7arem un tema nou a medi natural &#8220;La c\u00e8l\u00b7lula&#8221;.<br \/>\nVolia dir-vos, tamb\u00e9, que el dimarts 5 de maig farem una videoconfer\u00e8ncia, el mateix dia us posar\u00e9 el link al Genially. Ens veiem aviat, doncs. A la videoconfer\u00e8ncia podrem parlar de tots els dubtes que tingueu i ens podreu explicar totes les coses que vulgueu.<br \/>\nAh! Per \u00faltim, volia dir-vos que haur\u00edeu d&#8217;intentar mirar la pel\u00b7l\u00edcula de &#8220;The Croods&#8221; perqu\u00e8 la propera setmana, la setmana de l&#8217;11 al 15 de maig, treballarem amb ells al nostre Genially!<br \/>\nPetons i abra\u00e7ades a tots i a totes,<br \/>\nOlga.<\/p>\n<div style=\"width: 100%;\">\n<div style=\"position: relative; padding-bottom: 56.25%; padding-top: 0; height: 0;\"><iframe loading=\"lazy\" frameborder=\"0\" width=\"1200\" height=\"675\" style=\"position: absolute; top: 0; left: 0; width: 100%; height: 100%;\" src=\"https:\/\/view.genial.ly\/5ea49a05075c7c0dc010ab24\" type=\"text\/html\" allowscriptaccess=\"always\" allowfullscreen=\"true\" scrolling=\"yes\" allownetworking=\"all\"><\/iframe> <\/div>\n<\/p><\/div>\n","protected":false},"excerpt":{"rendered":"<p>Hola boniques i bonics de cinqu\u00e8!<br \/>\nAqu\u00ed estem una altra setmana m\u00e9s. Primer de tot, haig de dir-vos que la majoria de vosaltres heu fet molt b\u00e9 totes les tasques de la setmana passada. Enhorabona! \u00c9s molt important que continueu treballant aix\u00ed de b\u00e9. Ja sabeu&hellip;  <a href=\"https:\/\/agora.xtec.cat\/escola-bernatmetgeelprat\/general\/5e-feines-per-la-setmana-del-5-al-8-de-maig\/\" title=\"Read 5\u00e8&#8230; Feines per la setmana del 5 al 8 de maig.\">Llegeix m\u00e9s\u00bb<\/a><\/p>\n","protected":false},"author":1,"featured_media":0,"comment_status":"open","ping_status":"closed","sticky":false,"template":"","format":"standard","meta":{"_bbp_topic_count":0,"_bbp_reply_count":0,"_bbp_total_topic_count":0,"_bbp_total_reply_count":0,"_bbp_voice_count":0,"_bbp_anonymous_reply_count":0,"_bbp_topic_count_hidden":0,"_bbp_reply_count_hidden":0,"_bbp_forum_subforum_count":0,"footnotes":""},"categories":[14,1],"tags":[],"class_list":["post-19669","post","type-post","status-publish","format-standard","hentry","category-5e","category-general"],"post_mailing_queue_ids":[],"_links":{"self":[{"href":"https:\/\/agora.xtec.cat\/escola-bernatmetgeelprat\/wp-json\/wp\/v2\/posts\/19669","targetHints":{"allow":["GET"]}}],"collection":[{"href":"https:\/\/agora.xtec.cat\/escola-bernatmetgeelprat\/wp-json\/wp\/v2\/posts"}],"about":[{"href":"https:\/\/agora.xtec.cat\/escola-bernatmetgeelprat\/wp-json\/wp\/v2\/types\/post"}],"author":[{"embeddable":true,"href":"https:\/\/agora.xtec.cat\/escola-bernatmetgeelprat\/wp-json\/wp\/v2\/users\/1"}],"replies":[{"embeddable":true,"href":"https:\/\/agora.xtec.cat\/escola-bernatmetgeelprat\/wp-json\/wp\/v2\/comments?post=19669"}],"version-history":[{"count":3,"href":"https:\/\/agora.xtec.cat\/escola-bernatmetgeelprat\/wp-json\/wp\/v2\/posts\/19669\/revisions"}],"predecessor-version":[{"id":19676,"href":"https:\/\/agora.xtec.cat\/escola-bernatmetgeelprat\/wp-json\/wp\/v2\/posts\/19669\/revisions\/19676"}],"wp:attachment":[{"href":"https:\/\/agora.xtec.cat\/escola-bernatmetgeelprat\/wp-json\/wp\/v2\/media?parent=19669"}],"wp:term":[{"taxonomy":"category","embeddable":true,"href":"https:\/\/agora.xtec.cat\/escola-bernatmetgeelprat\/wp-json\/wp\/v2\/categories?post=19669"},{"taxonomy":"post_tag","embeddable":true,"href":"https:\/\/agora.xtec.cat\/escola-bernatmetgeelprat\/wp-json\/wp\/v2\/tags?post=19669"}],"curies":[{"name":"wp","href":"https:\/\/api.w.org\/{rel}","templated":true}]}}