{"id":19667,"date":"2020-05-04T22:41:32","date_gmt":"2020-05-04T20:41:32","guid":{"rendered":"https:\/\/agora.xtec.cat\/escola-bernatmetgeelprat\/?p=19667"},"modified":"2020-05-04T23:20:28","modified_gmt":"2020-05-04T21:20:28","slug":"6e-feines-per-la-setmana-del-5-al-8-de-maig","status":"publish","type":"post","link":"https:\/\/agora.xtec.cat\/escola-bernatmetgeelprat\/general\/6e-feines-per-la-setmana-del-5-al-8-de-maig\/","title":{"rendered":"6\u00e8&#8230; Feines per la setmana del 5 al 8 de maig."},"content":{"rendered":"<div style=\"width: 100%;\">\n<div>\n<p>Amores,<\/p>\n<p>Aqu\u00ed teniu les activitats que hem preparat els i les mestres per a vosaltres aquesta setmana. Recordeu que, en aquest cas, comencem la setmana un dimarts. De la mateixa manera que l&#8217;anterior, esperem que aneu fent les activitats que teniu ja pendents. \u00c9s molt important anar canviant de setmana amb la tasca acabada.<\/p>\n<p>Pel que fa a les tasques dels especialistes cal que els hi envieu les seves activitats, en especial a la Tere, ja que sin\u00f3 no us podr\u00e0 avaluar al final de trimestre. Cal tenir notes vostres durant tot el trimestre, aix\u00f2 sempre suma i ser\u00e0 molt positiu per a vosaltres, aprofiteu-lo!<\/p>\n<p>Finalment, en relaci\u00f3 al projecte, val a dir que durant aquesta setmana i les dues que queden treballareu continguts totalment nous, per tant, ara m\u00e9s que mai mireu m\u00e9s d&#8217;un cop el PowerPoint que us preparem i els v\u00eddeos que us han fet els vostres companys que s\u00f3n magn\u00edfics. Aprofito per felicitar-vos, es nota que treballeu cada vegada com a estudiants d&#8217;institut. Seguiu aix\u00ed \ud83d\ude09<\/p>\n<p>Ja queda una setmana menys per retrobar-nos tots \ud83d\ude42<\/p>\n<p>Us estimem<\/p>\n<p>Docents del cicle Superior<\/p>\n<div style=\"width: 100%;\">\n<div style=\"position: relative; padding-bottom: 56.25%; padding-top: 0; height: 0;\"><iframe loading=\"lazy\" frameborder=\"0\" width=\"1200px\" height=\"675px\" style=\"position: absolute; top: 0; left: 0; width: 100%; height: 100%;\" src=\"https:\/\/view.genial.ly\/5ea58037da73ac0d8bfa71dc\" type=\"text\/html\" allowscriptaccess=\"always\" allowfullscreen=\"true\" scrolling=\"yes\" allownetworking=\"all\"><\/iframe> <\/div>\n<\/p><\/div>\n","protected":false},"excerpt":{"rendered":"<p>Amores,<br \/>\nAqu\u00ed teniu les activitats que hem preparat els i les mestres per a vosaltres aquesta setmana. Recordeu que, en aquest cas, comencem la setmana un dimarts. De la mateixa manera que l&#8217;anterior, esperem que aneu fent les activitats que teniu ja pendents. \u00c9s molt important&hellip;  <a href=\"https:\/\/agora.xtec.cat\/escola-bernatmetgeelprat\/general\/6e-feines-per-la-setmana-del-5-al-8-de-maig\/\" title=\"Read 6\u00e8&#8230; Feines per la setmana del 5 al 8 de maig.\">Llegeix m\u00e9s\u00bb<\/a><\/p>\n","protected":false},"author":1,"featured_media":0,"comment_status":"open","ping_status":"closed","sticky":false,"template":"","format":"standard","meta":{"_bbp_topic_count":0,"_bbp_reply_count":0,"_bbp_total_topic_count":0,"_bbp_total_reply_count":0,"_bbp_voice_count":0,"_bbp_anonymous_reply_count":0,"_bbp_topic_count_hidden":0,"_bbp_reply_count_hidden":0,"_bbp_forum_subforum_count":0,"footnotes":""},"categories":[15,1],"tags":[],"class_list":["post-19667","post","type-post","status-publish","format-standard","hentry","category-6e","category-general"],"post_mailing_queue_ids":[],"_links":{"self":[{"href":"https:\/\/agora.xtec.cat\/escola-bernatmetgeelprat\/wp-json\/wp\/v2\/posts\/19667","targetHints":{"allow":["GET"]}}],"collection":[{"href":"https:\/\/agora.xtec.cat\/escola-bernatmetgeelprat\/wp-json\/wp\/v2\/posts"}],"about":[{"href":"https:\/\/agora.xtec.cat\/escola-bernatmetgeelprat\/wp-json\/wp\/v2\/types\/post"}],"author":[{"embeddable":true,"href":"https:\/\/agora.xtec.cat\/escola-bernatmetgeelprat\/wp-json\/wp\/v2\/users\/1"}],"replies":[{"embeddable":true,"href":"https:\/\/agora.xtec.cat\/escola-bernatmetgeelprat\/wp-json\/wp\/v2\/comments?post=19667"}],"version-history":[{"count":3,"href":"https:\/\/agora.xtec.cat\/escola-bernatmetgeelprat\/wp-json\/wp\/v2\/posts\/19667\/revisions"}],"predecessor-version":[{"id":19696,"href":"https:\/\/agora.xtec.cat\/escola-bernatmetgeelprat\/wp-json\/wp\/v2\/posts\/19667\/revisions\/19696"}],"wp:attachment":[{"href":"https:\/\/agora.xtec.cat\/escola-bernatmetgeelprat\/wp-json\/wp\/v2\/media?parent=19667"}],"wp:term":[{"taxonomy":"category","embeddable":true,"href":"https:\/\/agora.xtec.cat\/escola-bernatmetgeelprat\/wp-json\/wp\/v2\/categories?post=19667"},{"taxonomy":"post_tag","embeddable":true,"href":"https:\/\/agora.xtec.cat\/escola-bernatmetgeelprat\/wp-json\/wp\/v2\/tags?post=19667"}],"curies":[{"name":"wp","href":"https:\/\/api.w.org\/{rel}","templated":true}]}}