{"id":19596,"date":"2020-04-25T20:46:57","date_gmt":"2020-04-25T18:46:57","guid":{"rendered":"https:\/\/agora.xtec.cat\/escola-bernatmetgeelprat\/?p=19596"},"modified":"2020-04-26T22:30:47","modified_gmt":"2020-04-26T20:30:47","slug":"5e-tasques-per-la-setmana-del-27-al-30-dabril","status":"publish","type":"post","link":"https:\/\/agora.xtec.cat\/escola-bernatmetgeelprat\/general\/5e-tasques-per-la-setmana-del-27-al-30-dabril\/","title":{"rendered":"5\u00e8 Tasques per la setmana del 27 al 30 d&#8217;abril."},"content":{"rendered":"<p>Hola nens i nenes de cinqu\u00e8! ?<\/p>\n<p>Una setmana m\u00e9s ens tornem a trobar, encara que sigui &#8220;virtualment&#8221; per\u00f2 al menys podem sentir la connexi\u00f3 entre nosaltres d&#8217;alguna manera.?<br \/>\nSaber que esteu a l&#8217;altra banda i veieu les tasques que us enviem i despr\u00e9s poder-les rebre i veure el que us esforceu i ho b\u00e9 que les feu, ens omple molt.?<br \/>\nAquesta setmana us hem preparat unes quantes activitats, veureu que hi ha alguns jocs, incl\u00fas de matem\u00e0tiques!<br \/>\nAix\u00ed que ja veieu, aprendre pot ser molt divertit, nom\u00e9s cal posar-hi ganes i il.lusi\u00f3. I sabem que vosaltres en aix\u00f2 sou tots uns experts i unes expertes.?<\/p>\n<p>Us desitgem, una setmana plena de moments m\u00e0gics compartits en fam\u00edlia. ????<br \/>\nPetons,<br \/>\nMestres de cinqu\u00e8! ?<\/p>\n<div style=\"width: 100%;\">\n<div style=\"position: relative; padding-bottom: 56.25%; padding-top: 0; height: 0;\"><iframe loading=\"lazy\" frameborder=\"0\" width=\"1600px\" height=\"900px\" style=\"position: absolute; top: 0; left: 0; width: 100%; height: 100%;\" src=\"https:\/\/view.genial.ly\/5e9c7aa59f55700daa4f85a9\" type=\"text\/html\" allowscriptaccess=\"always\" allowfullscreen=\"true\" scrolling=\"yes\" allownetworking=\"all\"><\/iframe> <\/div>\n<\/p><\/div>\n","protected":false},"excerpt":{"rendered":"<p>Hola nens i nenes de cinqu\u00e8! ?<br \/>\nUna setmana m\u00e9s ens tornem a trobar, encara que sigui &#8220;virtualment&#8221; per\u00f2 al menys podem sentir la connexi\u00f3 entre nosaltres d&#8217;alguna manera.?<br \/>\nSaber que esteu a l&#8217;altra banda i veieu les tasques que us enviem i despr\u00e9s poder-les rebre i&hellip;  <a href=\"https:\/\/agora.xtec.cat\/escola-bernatmetgeelprat\/general\/5e-tasques-per-la-setmana-del-27-al-30-dabril\/\" title=\"Read 5\u00e8 Tasques per la setmana del 27 al 30 d&#8217;abril.\">Llegeix m\u00e9s\u00bb<\/a><\/p>\n","protected":false},"author":1,"featured_media":0,"comment_status":"open","ping_status":"closed","sticky":false,"template":"","format":"standard","meta":{"_bbp_topic_count":0,"_bbp_reply_count":0,"_bbp_total_topic_count":0,"_bbp_total_reply_count":0,"_bbp_voice_count":0,"_bbp_anonymous_reply_count":0,"_bbp_topic_count_hidden":0,"_bbp_reply_count_hidden":0,"_bbp_forum_subforum_count":0,"footnotes":""},"categories":[14,1],"tags":[],"class_list":["post-19596","post","type-post","status-publish","format-standard","hentry","category-5e","category-general"],"post_mailing_queue_ids":[],"_links":{"self":[{"href":"https:\/\/agora.xtec.cat\/escola-bernatmetgeelprat\/wp-json\/wp\/v2\/posts\/19596","targetHints":{"allow":["GET"]}}],"collection":[{"href":"https:\/\/agora.xtec.cat\/escola-bernatmetgeelprat\/wp-json\/wp\/v2\/posts"}],"about":[{"href":"https:\/\/agora.xtec.cat\/escola-bernatmetgeelprat\/wp-json\/wp\/v2\/types\/post"}],"author":[{"embeddable":true,"href":"https:\/\/agora.xtec.cat\/escola-bernatmetgeelprat\/wp-json\/wp\/v2\/users\/1"}],"replies":[{"embeddable":true,"href":"https:\/\/agora.xtec.cat\/escola-bernatmetgeelprat\/wp-json\/wp\/v2\/comments?post=19596"}],"version-history":[{"count":3,"href":"https:\/\/agora.xtec.cat\/escola-bernatmetgeelprat\/wp-json\/wp\/v2\/posts\/19596\/revisions"}],"predecessor-version":[{"id":19637,"href":"https:\/\/agora.xtec.cat\/escola-bernatmetgeelprat\/wp-json\/wp\/v2\/posts\/19596\/revisions\/19637"}],"wp:attachment":[{"href":"https:\/\/agora.xtec.cat\/escola-bernatmetgeelprat\/wp-json\/wp\/v2\/media?parent=19596"}],"wp:term":[{"taxonomy":"category","embeddable":true,"href":"https:\/\/agora.xtec.cat\/escola-bernatmetgeelprat\/wp-json\/wp\/v2\/categories?post=19596"},{"taxonomy":"post_tag","embeddable":true,"href":"https:\/\/agora.xtec.cat\/escola-bernatmetgeelprat\/wp-json\/wp\/v2\/tags?post=19596"}],"curies":[{"name":"wp","href":"https:\/\/api.w.org\/{rel}","templated":true}]}}