{"id":19513,"date":"2020-04-19T22:18:19","date_gmt":"2020-04-19T20:18:19","guid":{"rendered":"https:\/\/agora.xtec.cat\/escola-bernatmetgeelprat\/?p=19513"},"modified":"2020-04-19T22:21:26","modified_gmt":"2020-04-19T20:21:26","slug":"a-5e-sant-jordi-ha-arribat","status":"publish","type":"post","link":"https:\/\/agora.xtec.cat\/escola-bernatmetgeelprat\/general\/a-5e-sant-jordi-ha-arribat\/","title":{"rendered":"A 5\u00e8\u2026 Sant Jordi ha arribat!"},"content":{"rendered":"<p>Hola nois i noies de cinqu\u00e8!<\/p>\n<p>Com esteu? Nosaltres b\u00e9 per\u00f2 us trobem a faltar, aix\u00ed que una setmana m\u00e9s us hem preparat unes feines per a que pugueu fer aquests dies. Esperem que gr\u00e0cies a elles pugueu estar ben distrets i distretes i pugueu aprendre un munt de coses interessants.<\/p>\n<p>Continueu treballant tan b\u00e9 com fins ara. Us esteu convertint en uns i unes especialistes inform\u00e0tics i inform\u00e0tiques i tamb\u00e9 en ARTISTES. M&#8217;encanta com us esforceu , us supereu i us adapteu a aquesta nova situaci\u00f3.<\/p>\n<p>Ens veiem aviat, molts petons!<\/p>\n<p>Olga.<\/p>\n<div style=\"width: 100%;\">\n<div style=\"position: relative; padding-bottom: 56.25%; padding-top: 0; height: 0;\"><iframe loading=\"lazy\" frameborder=\"0\" width=\"1200px\" height=\"675px\" style=\"position: absolute; top: 0; left: 0; width: 100%; height: 100%;\" src=\"https:\/\/view.genial.ly\/5e974d1427cb3a0e10880323\" type=\"text\/html\" allowscriptaccess=\"always\" allowfullscreen=\"true\" scrolling=\"yes\" allownetworking=\"all\"><\/iframe> <\/div>\n<\/p><\/div>\n","protected":false},"excerpt":{"rendered":"<p>Hola nois i noies de cinqu\u00e8!<br \/>\nCom esteu? Nosaltres b\u00e9 per\u00f2 us trobem a faltar, aix\u00ed que una setmana m\u00e9s us hem preparat unes feines per a que pugueu fer aquests dies. Esperem que gr\u00e0cies a elles pugueu estar ben distrets i distretes i pugueu aprendre&hellip;  <a href=\"https:\/\/agora.xtec.cat\/escola-bernatmetgeelprat\/general\/a-5e-sant-jordi-ha-arribat\/\" title=\"Read A 5\u00e8\u2026 Sant Jordi ha arribat!\">Llegeix m\u00e9s\u00bb<\/a><\/p>\n","protected":false},"author":1,"featured_media":0,"comment_status":"open","ping_status":"closed","sticky":false,"template":"","format":"standard","meta":{"_bbp_topic_count":0,"_bbp_reply_count":0,"_bbp_total_topic_count":0,"_bbp_total_reply_count":0,"_bbp_voice_count":0,"_bbp_anonymous_reply_count":0,"_bbp_topic_count_hidden":0,"_bbp_reply_count_hidden":0,"_bbp_forum_subforum_count":0,"footnotes":""},"categories":[14,1],"tags":[],"class_list":["post-19513","post","type-post","status-publish","format-standard","hentry","category-5e","category-general"],"post_mailing_queue_ids":[],"_links":{"self":[{"href":"https:\/\/agora.xtec.cat\/escola-bernatmetgeelprat\/wp-json\/wp\/v2\/posts\/19513","targetHints":{"allow":["GET"]}}],"collection":[{"href":"https:\/\/agora.xtec.cat\/escola-bernatmetgeelprat\/wp-json\/wp\/v2\/posts"}],"about":[{"href":"https:\/\/agora.xtec.cat\/escola-bernatmetgeelprat\/wp-json\/wp\/v2\/types\/post"}],"author":[{"embeddable":true,"href":"https:\/\/agora.xtec.cat\/escola-bernatmetgeelprat\/wp-json\/wp\/v2\/users\/1"}],"replies":[{"embeddable":true,"href":"https:\/\/agora.xtec.cat\/escola-bernatmetgeelprat\/wp-json\/wp\/v2\/comments?post=19513"}],"version-history":[{"count":4,"href":"https:\/\/agora.xtec.cat\/escola-bernatmetgeelprat\/wp-json\/wp\/v2\/posts\/19513\/revisions"}],"predecessor-version":[{"id":19545,"href":"https:\/\/agora.xtec.cat\/escola-bernatmetgeelprat\/wp-json\/wp\/v2\/posts\/19513\/revisions\/19545"}],"wp:attachment":[{"href":"https:\/\/agora.xtec.cat\/escola-bernatmetgeelprat\/wp-json\/wp\/v2\/media?parent=19513"}],"wp:term":[{"taxonomy":"category","embeddable":true,"href":"https:\/\/agora.xtec.cat\/escola-bernatmetgeelprat\/wp-json\/wp\/v2\/categories?post=19513"},{"taxonomy":"post_tag","embeddable":true,"href":"https:\/\/agora.xtec.cat\/escola-bernatmetgeelprat\/wp-json\/wp\/v2\/tags?post=19513"}],"curies":[{"name":"wp","href":"https:\/\/api.w.org\/{rel}","templated":true}]}}