{"id":19503,"date":"2020-04-19T22:14:22","date_gmt":"2020-04-19T20:14:22","guid":{"rendered":"https:\/\/agora.xtec.cat\/escola-bernatmetgeelprat\/?p=19503"},"modified":"2020-04-19T22:45:57","modified_gmt":"2020-04-19T20:45:57","slug":"a-p5-sant-jordi-ha-arribat","status":"publish","type":"post","link":"https:\/\/agora.xtec.cat\/escola-bernatmetgeelprat\/general\/a-p5-sant-jordi-ha-arribat\/","title":{"rendered":"A P5 &#8230;  Sant Jordi ha arribat!"},"content":{"rendered":"<p>Hola guap\u00edssimes i guap\u00edssims.<br \/>\nAquesta setmana \u00e9s molt especial i ve plena, plena de llegenda i fantasia,&#8230; Des de casa meva ja s&#8217;olora la flaire de les roses i se senten els brams del drac, i \u00e9s que&#8230; ja \u00e9s SANT JORDI!!! Recordeu les can\u00e7ons i totes les coses  que cursos enrera haviem fet i &#8230; somieu amb les hist\u00f2ries i els contes. Us he preparat moltes feinetes divertides per a qu\u00e8 les feu i me les envieu, que jo ho miro tot. Quan me les envieu,  us comentar\u00e9 tot el que m&#8217;ensenyeu, si alguna cosa no surt o  no s\u00e9 com fer-ho demaneu als papes escriure un email al correu de la classe i ho solucionem!!<br \/>\nUs dono una abra\u00e7ada moooolt gran!<\/p>\n<div style=\"width: 100%;\">\n<div style=\"position: relative; padding-bottom: 50.00%; padding-top: 0; height: 0;\"><iframe loading=\"lazy\" frameborder=\"0\" width=\"1600px\" height=\"800px\" style=\"position: absolute; top: 0; left: 0; width: 100%; height: 100%;\" src=\"https:\/\/view.genial.ly\/5e973e41c17d2a0db09d0adb\" type=\"text\/html\" allowscriptaccess=\"always\" allowfullscreen=\"true\" scrolling=\"yes\" allownetworking=\"all\"><\/iframe> <\/div>\n<\/p><\/div>\n","protected":false},"excerpt":{"rendered":"<p>Hola guap\u00edssimes i guap\u00edssims.<br \/>\nAquesta setmana \u00e9s molt especial i ve plena, plena de llegenda i fantasia,&#8230; Des de casa meva ja s&#8217;olora la flaire de les roses i se senten els brams del drac, i \u00e9s que&#8230; ja \u00e9s SANT JORDI!!! Recordeu les can\u00e7ons i&hellip;  <a href=\"https:\/\/agora.xtec.cat\/escola-bernatmetgeelprat\/general\/a-p5-sant-jordi-ha-arribat\/\" title=\"Read A P5 &#8230;  Sant Jordi ha arribat!\">Llegeix m\u00e9s\u00bb<\/a><\/p>\n","protected":false},"author":1,"featured_media":0,"comment_status":"open","ping_status":"closed","sticky":false,"template":"","format":"standard","meta":{"_bbp_topic_count":0,"_bbp_reply_count":0,"_bbp_total_topic_count":0,"_bbp_total_reply_count":0,"_bbp_voice_count":0,"_bbp_anonymous_reply_count":0,"_bbp_topic_count_hidden":0,"_bbp_reply_count_hidden":0,"_bbp_forum_subforum_count":0,"footnotes":""},"categories":[1,9],"tags":[],"class_list":["post-19503","post","type-post","status-publish","format-standard","hentry","category-general","category-i5"],"post_mailing_queue_ids":[],"_links":{"self":[{"href":"https:\/\/agora.xtec.cat\/escola-bernatmetgeelprat\/wp-json\/wp\/v2\/posts\/19503","targetHints":{"allow":["GET"]}}],"collection":[{"href":"https:\/\/agora.xtec.cat\/escola-bernatmetgeelprat\/wp-json\/wp\/v2\/posts"}],"about":[{"href":"https:\/\/agora.xtec.cat\/escola-bernatmetgeelprat\/wp-json\/wp\/v2\/types\/post"}],"author":[{"embeddable":true,"href":"https:\/\/agora.xtec.cat\/escola-bernatmetgeelprat\/wp-json\/wp\/v2\/users\/1"}],"replies":[{"embeddable":true,"href":"https:\/\/agora.xtec.cat\/escola-bernatmetgeelprat\/wp-json\/wp\/v2\/comments?post=19503"}],"version-history":[{"count":4,"href":"https:\/\/agora.xtec.cat\/escola-bernatmetgeelprat\/wp-json\/wp\/v2\/posts\/19503\/revisions"}],"predecessor-version":[{"id":19555,"href":"https:\/\/agora.xtec.cat\/escola-bernatmetgeelprat\/wp-json\/wp\/v2\/posts\/19503\/revisions\/19555"}],"wp:attachment":[{"href":"https:\/\/agora.xtec.cat\/escola-bernatmetgeelprat\/wp-json\/wp\/v2\/media?parent=19503"}],"wp:term":[{"taxonomy":"category","embeddable":true,"href":"https:\/\/agora.xtec.cat\/escola-bernatmetgeelprat\/wp-json\/wp\/v2\/categories?post=19503"},{"taxonomy":"post_tag","embeddable":true,"href":"https:\/\/agora.xtec.cat\/escola-bernatmetgeelprat\/wp-json\/wp\/v2\/tags?post=19503"}],"curies":[{"name":"wp","href":"https:\/\/api.w.org\/{rel}","templated":true}]}}