{"id":19501,"date":"2020-04-19T22:14:23","date_gmt":"2020-04-19T20:14:23","guid":{"rendered":"https:\/\/agora.xtec.cat\/escola-bernatmetgeelprat\/?p=19501"},"modified":"2020-04-19T23:05:28","modified_gmt":"2020-04-19T21:05:28","slug":"a-p4-sant-jordi-ha-arribat","status":"publish","type":"post","link":"https:\/\/agora.xtec.cat\/escola-bernatmetgeelprat\/general\/a-p4-sant-jordi-ha-arribat\/","title":{"rendered":"A P4 &#8230; Sant Jordi ha arribat!"},"content":{"rendered":"<p>Dinosaures aquesta setmana \u00e9s molt especial perqu\u00e8 el dijous \u00e9s la diada de Sant Jordi. Per aix\u00f2, us he preparat diverses activitats relacionades amb la llegenda. Us animo continuar compartint imatges o v\u00eddeos del que aneu fent al padlet o b\u00e9 al correu de la classe:<br \/>\nEsteu preparats? Doncs som-hi!<\/p>\n<p>NOVETAT! MOLT IMPORTANT&#8211;> EL DIMECRES 22 D&#8217;ABRIL a les 17 hores realitzarem una videoconfer\u00e8ncia per poder veure&#8217;ns. Trobareu l&#8217;enlla\u00e7 al genially, al dimecres. Us deixo l&#8217;enlla\u00e7 per la connexi\u00f3 aqu\u00ed tamb\u00e9:https:\/\/meet.google.com\/nwi-csyw-ucn<\/p>\n<div style=\"width: 100%;\">\n<div style=\"position: relative; padding-bottom: 56.25%; padding-top: 0; height: 0;\"><iframe loading=\"lazy\" frameborder=\"0\" width=\"1200px\" height=\"675px\" style=\"position: absolute; top: 0; left: 0; width: 100%; height: 100%;\" src=\"https:\/\/view.genial.ly\/5e987c74ab06b70df96fcb97\" type=\"text\/html\" allowscriptaccess=\"always\" allowfullscreen=\"true\" scrolling=\"yes\" allownetworking=\"all\"><\/iframe> <\/div>\n<\/p><\/div>\n","protected":false},"excerpt":{"rendered":"<p>Dinosaures aquesta setmana \u00e9s molt especial perqu\u00e8 el dijous \u00e9s la diada de Sant Jordi. Per aix\u00f2, us he preparat diverses activitats relacionades amb la llegenda. Us animo continuar compartint imatges o v\u00eddeos del que aneu fent al padlet o b\u00e9 al correu de la&hellip;  <a href=\"https:\/\/agora.xtec.cat\/escola-bernatmetgeelprat\/general\/a-p4-sant-jordi-ha-arribat\/\" title=\"Read A P4 &#8230; Sant Jordi ha arribat!\">Llegeix m\u00e9s\u00bb<\/a><\/p>\n","protected":false},"author":1,"featured_media":0,"comment_status":"open","ping_status":"closed","sticky":false,"template":"","format":"standard","meta":{"_bbp_topic_count":0,"_bbp_reply_count":0,"_bbp_total_topic_count":0,"_bbp_total_reply_count":0,"_bbp_voice_count":0,"_bbp_anonymous_reply_count":0,"_bbp_topic_count_hidden":0,"_bbp_reply_count_hidden":0,"_bbp_forum_subforum_count":0,"footnotes":""},"categories":[1,8],"tags":[],"class_list":["post-19501","post","type-post","status-publish","format-standard","hentry","category-general","category-i4"],"post_mailing_queue_ids":[],"_links":{"self":[{"href":"https:\/\/agora.xtec.cat\/escola-bernatmetgeelprat\/wp-json\/wp\/v2\/posts\/19501","targetHints":{"allow":["GET"]}}],"collection":[{"href":"https:\/\/agora.xtec.cat\/escola-bernatmetgeelprat\/wp-json\/wp\/v2\/posts"}],"about":[{"href":"https:\/\/agora.xtec.cat\/escola-bernatmetgeelprat\/wp-json\/wp\/v2\/types\/post"}],"author":[{"embeddable":true,"href":"https:\/\/agora.xtec.cat\/escola-bernatmetgeelprat\/wp-json\/wp\/v2\/users\/1"}],"replies":[{"embeddable":true,"href":"https:\/\/agora.xtec.cat\/escola-bernatmetgeelprat\/wp-json\/wp\/v2\/comments?post=19501"}],"version-history":[{"count":3,"href":"https:\/\/agora.xtec.cat\/escola-bernatmetgeelprat\/wp-json\/wp\/v2\/posts\/19501\/revisions"}],"predecessor-version":[{"id":19558,"href":"https:\/\/agora.xtec.cat\/escola-bernatmetgeelprat\/wp-json\/wp\/v2\/posts\/19501\/revisions\/19558"}],"wp:attachment":[{"href":"https:\/\/agora.xtec.cat\/escola-bernatmetgeelprat\/wp-json\/wp\/v2\/media?parent=19501"}],"wp:term":[{"taxonomy":"category","embeddable":true,"href":"https:\/\/agora.xtec.cat\/escola-bernatmetgeelprat\/wp-json\/wp\/v2\/categories?post=19501"},{"taxonomy":"post_tag","embeddable":true,"href":"https:\/\/agora.xtec.cat\/escola-bernatmetgeelprat\/wp-json\/wp\/v2\/tags?post=19501"}],"curies":[{"name":"wp","href":"https:\/\/api.w.org\/{rel}","templated":true}]}}