{"id":19499,"date":"2020-04-19T22:13:56","date_gmt":"2020-04-19T20:13:56","guid":{"rendered":"https:\/\/agora.xtec.cat\/escola-bernatmetgeelprat\/?p=19499"},"modified":"2020-04-19T22:23:44","modified_gmt":"2020-04-19T20:23:44","slug":"a-p3-sant-jordi-ha-arribat","status":"publish","type":"post","link":"https:\/\/agora.xtec.cat\/escola-bernatmetgeelprat\/general\/a-p3-sant-jordi-ha-arribat\/","title":{"rendered":"A P3 &#8230; Sant Jordi ha arribat!"},"content":{"rendered":"<p>Hola cavallers i princeses!!! Com esteu?? Aquesta setmana \u00e9s molt important encara que siguem a casa, \u00e9s<span style=\"color: #cc0000;\">\u00a0<u>SANT JORDI!\u00a0<\/u>\u00a0<\/span><span style=\"color: #000000;\">Us he preparat tot un seguit d&#8217;activitats per tal que gaudiu d&#8217;aquesta festa encara que no estiguem a l&#8217;escola. Trobareu la llegenda, un poema, manualitats, v\u00eddeos i alguna coseta m\u00e9s. Espero veure aquests cavallers medievals i les princeses m\u00e9s maques que hi ha a l&#8217;escola en les fotos i v\u00eddeos que m&#8217;envieu.<\/span><\/p>\n<p><span style=\"color: #000000; font-family: inherit; font-size: 1em;\">Les tasques de la setmana passada estan molt b\u00e9. Seguiu aix\u00ed treballant cada dia una miqueta.<\/span><\/p>\n<div style=\"width: 100%;\">\n<div style=\"position: relative; padding-bottom: 50.00%; padding-top: 0; height: 0;\"><iframe loading=\"lazy\" frameborder=\"0\" width=\"1600px\" height=\"800px\" style=\"position: absolute; top: 0; left: 0; width: 100%; height: 100%;\" src=\"https:\/\/view.genial.ly\/5e999ad33b26f10da5b0b198\" type=\"text\/html\" allowscriptaccess=\"always\" allowfullscreen=\"true\" scrolling=\"yes\" allownetworking=\"all\"><\/iframe> <\/div>\n<\/p><\/div>\n","protected":false},"excerpt":{"rendered":"<p>Hola cavallers i princeses!!! Com esteu?? Aquesta setmana \u00e9s molt important encara que siguem a casa, \u00e9s\u00a0SANT JORDI!\u00a0\u00a0Us he preparat tot un seguit d&#8217;activitats per tal que gaudiu d&#8217;aquesta festa encara que no estiguem a l&#8217;escola. Trobareu la llegenda, un poema, manualitats, v\u00eddeos i alguna&hellip;  <a href=\"https:\/\/agora.xtec.cat\/escola-bernatmetgeelprat\/general\/a-p3-sant-jordi-ha-arribat\/\" title=\"Read A P3 &#8230; Sant Jordi ha arribat!\">Llegeix m\u00e9s\u00bb<\/a><\/p>\n","protected":false},"author":1,"featured_media":0,"comment_status":"open","ping_status":"closed","sticky":false,"template":"","format":"standard","meta":{"_bbp_topic_count":0,"_bbp_reply_count":0,"_bbp_total_topic_count":0,"_bbp_total_reply_count":0,"_bbp_voice_count":0,"_bbp_anonymous_reply_count":0,"_bbp_topic_count_hidden":0,"_bbp_reply_count_hidden":0,"_bbp_forum_subforum_count":0,"footnotes":""},"categories":[1,3],"tags":[],"class_list":["post-19499","post","type-post","status-publish","format-standard","hentry","category-general","category-i3"],"post_mailing_queue_ids":[],"_links":{"self":[{"href":"https:\/\/agora.xtec.cat\/escola-bernatmetgeelprat\/wp-json\/wp\/v2\/posts\/19499","targetHints":{"allow":["GET"]}}],"collection":[{"href":"https:\/\/agora.xtec.cat\/escola-bernatmetgeelprat\/wp-json\/wp\/v2\/posts"}],"about":[{"href":"https:\/\/agora.xtec.cat\/escola-bernatmetgeelprat\/wp-json\/wp\/v2\/types\/post"}],"author":[{"embeddable":true,"href":"https:\/\/agora.xtec.cat\/escola-bernatmetgeelprat\/wp-json\/wp\/v2\/users\/1"}],"replies":[{"embeddable":true,"href":"https:\/\/agora.xtec.cat\/escola-bernatmetgeelprat\/wp-json\/wp\/v2\/comments?post=19499"}],"version-history":[{"count":4,"href":"https:\/\/agora.xtec.cat\/escola-bernatmetgeelprat\/wp-json\/wp\/v2\/posts\/19499\/revisions"}],"predecessor-version":[{"id":19535,"href":"https:\/\/agora.xtec.cat\/escola-bernatmetgeelprat\/wp-json\/wp\/v2\/posts\/19499\/revisions\/19535"}],"wp:attachment":[{"href":"https:\/\/agora.xtec.cat\/escola-bernatmetgeelprat\/wp-json\/wp\/v2\/media?parent=19499"}],"wp:term":[{"taxonomy":"category","embeddable":true,"href":"https:\/\/agora.xtec.cat\/escola-bernatmetgeelprat\/wp-json\/wp\/v2\/categories?post=19499"},{"taxonomy":"post_tag","embeddable":true,"href":"https:\/\/agora.xtec.cat\/escola-bernatmetgeelprat\/wp-json\/wp\/v2\/tags?post=19499"}],"curies":[{"name":"wp","href":"https:\/\/api.w.org\/{rel}","templated":true}]}}