{"id":19339,"date":"2020-03-22T16:15:29","date_gmt":"2020-03-22T15:15:29","guid":{"rendered":"https:\/\/agora.xtec.cat\/escola-bernatmetgeelprat\/?p=19339"},"modified":"2020-03-22T17:28:50","modified_gmt":"2020-03-22T16:28:50","slug":"segona-setmana-a-casa-i-continuem-connectats","status":"publish","type":"post","link":"https:\/\/agora.xtec.cat\/escola-bernatmetgeelprat\/general\/segona-setmana-a-casa-i-continuem-connectats\/","title":{"rendered":"Segona setmana a casa&#8230;I continuem connectats!"},"content":{"rendered":"<p>Hola guapos i guapes,<\/p>\n<p>com va tot? Espero que molt b\u00e9. Trobo molt a faltar el nostre BON DIA (abra\u00e7ades, balls, xocar els cinc, salutaci\u00f3 amb el puny&#8230;.) desitjo poder tornar aviat a fer-ho. Com encara hem d&#8217;estar m\u00e9s dies a casa, continuu proposant activitats per a qu\u00e8 seguiu treballant i no perdre els h\u00e0bits d&#8217;estudi.<\/p>\n<p>Durant la setmana passada he anat rebent correus de molts de vosaltres, ensenyant-me les vostres tasques. Us animo a qu\u00e8 seguiu enviant fotografies, \u00e0udios, v\u00eddeos&#8230;. d&#8217;all\u00f2 que esteu fent a casa.\u00a0 Hem d&#8217;aconseguir ser-hi tots!!<\/p>\n<div>Una abra\u00e7ada molt forta.<\/div>\n<div>Montse<\/div>\n<div style=\"width: 100%;\">\n<div style=\"position: relative; padding-bottom: 70.72%; padding-top: 0; height: 0;\"><iframe loading=\"lazy\" frameborder=\"0\" width=\"1414px\" height=\"1000px\" style=\"position: absolute; top: 0; left: 0; width: 100%; height: 100%;\" src=\"https:\/\/view.genial.ly\/5e724057347634260ab2dc9a\" type=\"text\/html\" allowscriptaccess=\"always\" allowfullscreen=\"true\" scrolling=\"yes\" allownetworking=\"all\"><\/iframe> <\/div>\n<\/p><\/div>\n","protected":false},"excerpt":{"rendered":"<p>Hola guapos i guapes,<br \/>\ncom va tot? Espero que molt b\u00e9. Trobo molt a faltar el nostre BON DIA (abra\u00e7ades, balls, xocar els cinc, salutaci\u00f3 amb el puny&#8230;.) desitjo poder tornar aviat a fer-ho. Com encara hem d&#8217;estar m\u00e9s dies a casa, continuu proposant activitats per&hellip;  <a href=\"https:\/\/agora.xtec.cat\/escola-bernatmetgeelprat\/general\/segona-setmana-a-casa-i-continuem-connectats\/\" title=\"Read Segona setmana a casa&#8230;I continuem connectats!\">Llegeix m\u00e9s\u00bb<\/a><\/p>\n","protected":false},"author":1,"featured_media":0,"comment_status":"open","ping_status":"closed","sticky":false,"template":"","format":"standard","meta":{"_bbp_topic_count":0,"_bbp_reply_count":0,"_bbp_total_topic_count":0,"_bbp_total_reply_count":0,"_bbp_voice_count":0,"_bbp_anonymous_reply_count":0,"_bbp_topic_count_hidden":0,"_bbp_reply_count_hidden":0,"_bbp_forum_subforum_count":0,"footnotes":""},"categories":[13,26,21,1,5],"tags":[],"class_list":["post-19339","post","type-post","status-publish","format-standard","hentry","category-4t","category-cicle-mitja","category-cicles","category-general","category-primaria"],"post_mailing_queue_ids":[],"_links":{"self":[{"href":"https:\/\/agora.xtec.cat\/escola-bernatmetgeelprat\/wp-json\/wp\/v2\/posts\/19339","targetHints":{"allow":["GET"]}}],"collection":[{"href":"https:\/\/agora.xtec.cat\/escola-bernatmetgeelprat\/wp-json\/wp\/v2\/posts"}],"about":[{"href":"https:\/\/agora.xtec.cat\/escola-bernatmetgeelprat\/wp-json\/wp\/v2\/types\/post"}],"author":[{"embeddable":true,"href":"https:\/\/agora.xtec.cat\/escola-bernatmetgeelprat\/wp-json\/wp\/v2\/users\/1"}],"replies":[{"embeddable":true,"href":"https:\/\/agora.xtec.cat\/escola-bernatmetgeelprat\/wp-json\/wp\/v2\/comments?post=19339"}],"version-history":[{"count":3,"href":"https:\/\/agora.xtec.cat\/escola-bernatmetgeelprat\/wp-json\/wp\/v2\/posts\/19339\/revisions"}],"predecessor-version":[{"id":19350,"href":"https:\/\/agora.xtec.cat\/escola-bernatmetgeelprat\/wp-json\/wp\/v2\/posts\/19339\/revisions\/19350"}],"wp:attachment":[{"href":"https:\/\/agora.xtec.cat\/escola-bernatmetgeelprat\/wp-json\/wp\/v2\/media?parent=19339"}],"wp:term":[{"taxonomy":"category","embeddable":true,"href":"https:\/\/agora.xtec.cat\/escola-bernatmetgeelprat\/wp-json\/wp\/v2\/categories?post=19339"},{"taxonomy":"post_tag","embeddable":true,"href":"https:\/\/agora.xtec.cat\/escola-bernatmetgeelprat\/wp-json\/wp\/v2\/tags?post=19339"}],"curies":[{"name":"wp","href":"https:\/\/api.w.org\/{rel}","templated":true}]}}