{"id":19263,"date":"2020-03-12T16:53:17","date_gmt":"2020-03-12T15:53:17","guid":{"rendered":"https:\/\/agora.xtec.cat\/escola-bernatmetgeelprat\/?p=19263"},"modified":"2020-03-12T16:53:53","modified_gmt":"2020-03-12T15:53:53","slug":"comunicat-tancament-escoles-catalunya","status":"publish","type":"post","link":"https:\/\/agora.xtec.cat\/escola-bernatmetgeelprat\/general\/comunicat-tancament-escoles-catalunya\/","title":{"rendered":"Comunicat tancament escoles Catalunya"},"content":{"rendered":"<p style=\"text-align: justify;\">Com segur heu vist als mitjans de comunicaci\u00f3 a partir de dem\u00e0 tancaran tots els centres educatius de Catalunya com a mesura de prevenci\u00f3 del coronavirus.<\/p>\n<p style=\"text-align: justify;\">Us deixem el comunicat oficial del tancament.<\/p>\n<p style=\"text-align: justify;\"><a href=\"https:\/\/agora.xtec.cat\/escola-bernatmetgeelprat\/wp-content\/uploads\/usu186\/2020\/03\/Comunicat-tancament-centres-1.pdf\">Comunicat tancament centres<\/a><\/p>\n<p style=\"text-align: justify;\">Com us vam explicar ahir ens han recomanat que tots els membres de la comunitat educativa intentem mantenir la calma i seguir el protocol. En principi les persones que no tenen s\u00edmptomes haurien de fer vida normal. Si en algun moment els vostres fills o filles o algun membre de la fam\u00edlia t\u00e9 algun s\u00edmptoma com febre, tos o malestar general poseu-vos en contacte amb el 061 i expliqueu la situaci\u00f3 (intentar no trucar abans per no col\u00b7lapsar el tel\u00e8fon). Ells us donaran indicacions de com actuar.<\/p>\n<p style=\"text-align: justify;\">Donar-vos \u00e0nims a tots i a totes per\u00f2 com podreu veure no \u00e9s una situaci\u00f3 que nom\u00e9s es doni a la nostra escola sin\u00f3 que s&#8217;estava generalitzant per aix\u00f2 han arribat a suspendre l&#8217;activitat a les escoles.<\/p>\n<p style=\"text-align: justify;\">De la mateixa manera que per vosaltres per a nosaltres est\u00e0 sent una situaci\u00f3 preocupant i que estem intentant gestionar de la millor manera possible.<\/p>\n<p style=\"text-align: justify;\">Com us hem explicat seguim oberts a respondre els vostres dubtes mitjan\u00e7ant el correu electr\u00f2nic de l&#8217;escola.<\/p>\n","protected":false},"excerpt":{"rendered":"<p>Com segur heu vist als mitjans de comunicaci\u00f3 a partir de dem\u00e0 tancaran tots els centres educatius de Catalunya com a mesura de prevenci\u00f3 del coronavirus.<br \/>\nUs deixem el comunicat oficial del tancament.<br \/>\n<a href=\"https:\/\/agora.xtec.cat\/escola-bernatmetgeelprat\/wp-content\/uploads\/usu186\/2020\/03\/Comunicat-tancament-centres-1.pdf\">Comunicat tancament centres<\/a><br \/>\nCom us vam explicar ahir ens han recomanat que tots els&hellip;  <a href=\"https:\/\/agora.xtec.cat\/escola-bernatmetgeelprat\/general\/comunicat-tancament-escoles-catalunya\/\" title=\"Read Comunicat tancament escoles Catalunya\">Llegeix m\u00e9s\u00bb<\/a><\/p>\n","protected":false},"author":1,"featured_media":0,"comment_status":"open","ping_status":"closed","sticky":false,"template":"","format":"standard","meta":{"_bbp_topic_count":0,"_bbp_reply_count":0,"_bbp_total_topic_count":0,"_bbp_total_reply_count":0,"_bbp_voice_count":0,"_bbp_anonymous_reply_count":0,"_bbp_topic_count_hidden":0,"_bbp_reply_count_hidden":0,"_bbp_forum_subforum_count":0,"footnotes":""},"categories":[1,4],"tags":[],"class_list":["post-19263","post","type-post","status-publish","format-standard","hentry","category-general","category-portada"],"post_mailing_queue_ids":[],"_links":{"self":[{"href":"https:\/\/agora.xtec.cat\/escola-bernatmetgeelprat\/wp-json\/wp\/v2\/posts\/19263","targetHints":{"allow":["GET"]}}],"collection":[{"href":"https:\/\/agora.xtec.cat\/escola-bernatmetgeelprat\/wp-json\/wp\/v2\/posts"}],"about":[{"href":"https:\/\/agora.xtec.cat\/escola-bernatmetgeelprat\/wp-json\/wp\/v2\/types\/post"}],"author":[{"embeddable":true,"href":"https:\/\/agora.xtec.cat\/escola-bernatmetgeelprat\/wp-json\/wp\/v2\/users\/1"}],"replies":[{"embeddable":true,"href":"https:\/\/agora.xtec.cat\/escola-bernatmetgeelprat\/wp-json\/wp\/v2\/comments?post=19263"}],"version-history":[{"count":2,"href":"https:\/\/agora.xtec.cat\/escola-bernatmetgeelprat\/wp-json\/wp\/v2\/posts\/19263\/revisions"}],"predecessor-version":[{"id":19267,"href":"https:\/\/agora.xtec.cat\/escola-bernatmetgeelprat\/wp-json\/wp\/v2\/posts\/19263\/revisions\/19267"}],"wp:attachment":[{"href":"https:\/\/agora.xtec.cat\/escola-bernatmetgeelprat\/wp-json\/wp\/v2\/media?parent=19263"}],"wp:term":[{"taxonomy":"category","embeddable":true,"href":"https:\/\/agora.xtec.cat\/escola-bernatmetgeelprat\/wp-json\/wp\/v2\/categories?post=19263"},{"taxonomy":"post_tag","embeddable":true,"href":"https:\/\/agora.xtec.cat\/escola-bernatmetgeelprat\/wp-json\/wp\/v2\/tags?post=19263"}],"curies":[{"name":"wp","href":"https:\/\/api.w.org\/{rel}","templated":true}]}}