{"id":19165,"date":"2020-03-10T11:32:10","date_gmt":"2020-03-10T10:32:10","guid":{"rendered":"https:\/\/agora.xtec.cat\/escola-bernatmetgeelprat\/?p=19165"},"modified":"2020-03-10T11:33:06","modified_gmt":"2020-03-10T10:33:06","slug":"portes-obertes-preinscripcio-2020-2021","status":"publish","type":"post","link":"https:\/\/agora.xtec.cat\/escola-bernatmetgeelprat\/general\/portes-obertes-preinscripcio-2020-2021\/","title":{"rendered":"Portes obertes Preinscripci\u00f3 2020-2021"},"content":{"rendered":"<p>Les portes obertes de la nostra escola es realitzaran el dimarts 3 de mar\u00e7 a les 9:15 hores i el dijous 12 de mar\u00e7 a les 15:00 hores. Us esperem a tots i a totes per poder ensenyar-vos la nostra escola i explicar-vos com treballem.<\/p>\n<p>No cal demanar dia i hora per les portes obertes. Nom\u00e9s cal que us presenteu en el centre entrant per C\/Jaume Casanovas.<\/p>\n<p>De la mateixa manera des de l&#8217;escola estem oberts a atendre a les fam\u00edlies personalment si no podeu venir a les portes obertes o per resoldre qualsevol dubte. Per fer-ho us podeu posar en contacte amb nosaltres per tel\u00e8fon o per correu electr\u00f2nic.<\/p>\n<p><a href=\"https:\/\/agora.xtec.cat\/escola-bernatmetgeelprat\/wp-content\/uploads\/usu186\/2020\/02\/PORTES-OBERTES-2020.jpg\"><img loading=\"lazy\" decoding=\"async\" class=\"aligncenter size-full wp-image-19166\" src=\"https:\/\/agora.xtec.cat\/escola-bernatmetgeelprat\/wp-content\/uploads\/usu186\/2020\/02\/PORTES-OBERTES-2020.jpg\" alt=\"\" width=\"960\" height=\"720\" srcset=\"https:\/\/agora.xtec.cat\/escola-bernatmetgeelprat\/wp-content\/uploads\/usu186\/2020\/02\/PORTES-OBERTES-2020.jpg 960w, https:\/\/agora.xtec.cat\/escola-bernatmetgeelprat\/wp-content\/uploads\/usu186\/2020\/02\/PORTES-OBERTES-2020-300x225.jpg 300w, https:\/\/agora.xtec.cat\/escola-bernatmetgeelprat\/wp-content\/uploads\/usu186\/2020\/02\/PORTES-OBERTES-2020-768x576.jpg 768w, https:\/\/agora.xtec.cat\/escola-bernatmetgeelprat\/wp-content\/uploads\/usu186\/2020\/02\/PORTES-OBERTES-2020-200x150.jpg 200w\" sizes=\"auto, (max-width: 960px) 100vw, 960px\" \/><\/a><\/p>\n","protected":false},"excerpt":{"rendered":"<p>Les portes obertes de la nostra escola es realitzaran el dimarts 3 de mar\u00e7 a les 9:15 hores i el dijous 12 de mar\u00e7 a les 15:00 hores. Us esperem a tots i a totes per poder ensenyar-vos la nostra escola i explicar-vos com treballem.<br \/>\nNo&hellip;  <a href=\"https:\/\/agora.xtec.cat\/escola-bernatmetgeelprat\/general\/portes-obertes-preinscripcio-2020-2021\/\" title=\"Read Portes obertes Preinscripci\u00f3 2020-2021\">Llegeix m\u00e9s\u00bb<\/a><\/p>\n","protected":false},"author":1,"featured_media":0,"comment_status":"open","ping_status":"closed","sticky":false,"template":"","format":"standard","meta":{"_bbp_topic_count":0,"_bbp_reply_count":0,"_bbp_total_topic_count":0,"_bbp_total_reply_count":0,"_bbp_voice_count":0,"_bbp_anonymous_reply_count":0,"_bbp_topic_count_hidden":0,"_bbp_reply_count_hidden":0,"_bbp_forum_subforum_count":0,"footnotes":""},"categories":[1,4],"tags":[],"class_list":["post-19165","post","type-post","status-publish","format-standard","hentry","category-general","category-portada"],"post_mailing_queue_ids":[],"_links":{"self":[{"href":"https:\/\/agora.xtec.cat\/escola-bernatmetgeelprat\/wp-json\/wp\/v2\/posts\/19165","targetHints":{"allow":["GET"]}}],"collection":[{"href":"https:\/\/agora.xtec.cat\/escola-bernatmetgeelprat\/wp-json\/wp\/v2\/posts"}],"about":[{"href":"https:\/\/agora.xtec.cat\/escola-bernatmetgeelprat\/wp-json\/wp\/v2\/types\/post"}],"author":[{"embeddable":true,"href":"https:\/\/agora.xtec.cat\/escola-bernatmetgeelprat\/wp-json\/wp\/v2\/users\/1"}],"replies":[{"embeddable":true,"href":"https:\/\/agora.xtec.cat\/escola-bernatmetgeelprat\/wp-json\/wp\/v2\/comments?post=19165"}],"version-history":[{"count":2,"href":"https:\/\/agora.xtec.cat\/escola-bernatmetgeelprat\/wp-json\/wp\/v2\/posts\/19165\/revisions"}],"predecessor-version":[{"id":19168,"href":"https:\/\/agora.xtec.cat\/escola-bernatmetgeelprat\/wp-json\/wp\/v2\/posts\/19165\/revisions\/19168"}],"wp:attachment":[{"href":"https:\/\/agora.xtec.cat\/escola-bernatmetgeelprat\/wp-json\/wp\/v2\/media?parent=19165"}],"wp:term":[{"taxonomy":"category","embeddable":true,"href":"https:\/\/agora.xtec.cat\/escola-bernatmetgeelprat\/wp-json\/wp\/v2\/categories?post=19165"},{"taxonomy":"post_tag","embeddable":true,"href":"https:\/\/agora.xtec.cat\/escola-bernatmetgeelprat\/wp-json\/wp\/v2\/tags?post=19165"}],"curies":[{"name":"wp","href":"https:\/\/api.w.org\/{rel}","templated":true}]}}