{"id":1720,"date":"2017-03-29T12:05:09","date_gmt":"2017-03-29T10:05:09","guid":{"rendered":"http:\/\/agora.xtec.cat\/escola-bernatmetgeelprat\/?p=1720"},"modified":"2017-03-30T17:24:12","modified_gmt":"2017-03-30T15:24:12","slug":"conte-col%c2%b7laboratiu-4t","status":"publish","type":"post","link":"https:\/\/agora.xtec.cat\/escola-bernatmetgeelprat\/portada\/conte-col%c2%b7laboratiu-4t\/","title":{"rendered":"Conte col\u00b7laboratiu 4t"},"content":{"rendered":"<p>El divendres 24 de mar\u00e7 els alumnes de 4t van anar a la cloenda del conte col\u00b7laboratiu (conte realitzat per diferents escoles) on ells van redactar el final d&#8217;un dels contes.<\/p>\n<p>All\u00e0 van estar amb els alumnes de les d&#8217;altres escoles que tamb\u00e9 hi van participar.<\/p>\n<p>Durant la cloenda van tenir la oportunitat d&#8217;escoltar els seus contes, llegits pels actors del teatre Kaddish. Va ser molt emocionant!!!!<\/p>\n<p>De record es van emportar una xapa del cabusset elaborada pels companys i companyes de l&#8217;escola Can Rigol.<\/p>\n<p><a href=\"https:\/\/goo.gl\/photos\/KbVAitrEycvhBXPdA\"><img loading=\"lazy\" decoding=\"async\" class=\"aligncenter size-large wp-image-1747\" src=\"http:\/\/agora.xtec.cat\/escola-bernatmetgeelprat\/wp-content\/uploads\/usu186\/2017\/03\/20170324_112440-1024x577.jpg\" alt=\"20170324_112440\" width=\"1024\" height=\"577\" srcset=\"https:\/\/agora.xtec.cat\/escola-bernatmetgeelprat\/wp-content\/uploads\/usu186\/2017\/03\/20170324_112440-1024x577.jpg 1024w, https:\/\/agora.xtec.cat\/escola-bernatmetgeelprat\/wp-content\/uploads\/usu186\/2017\/03\/20170324_112440-300x169.jpg 300w, https:\/\/agora.xtec.cat\/escola-bernatmetgeelprat\/wp-content\/uploads\/usu186\/2017\/03\/20170324_112440-768x433.jpg 768w\" sizes=\"auto, (max-width: 1024px) 100vw, 1024px\" \/><\/a><\/p>\n<p>&nbsp;<\/p>\n<p>Clicant a la imatge podeu accedir a l&#8217;\u00e0lbum.<\/p>\n<p>(Av\u00eds: La publicaci\u00f3 d\u2019imatges de l\u2019alumnat de l\u2019escola correspon \u00fanicament a la pr\u00f2pia escola. Per tant, \u00e9s prohibida la difusi\u00f3 o manipulaci\u00f3 en d\u2019altres espais p\u00fablics. Llei org\u00e0nica 1\/1982 de 5 de maig sobre el dret a l\u2019honor, a la pr\u00f2pia intimitat i la pr\u00f2pia imatge.)<\/p>\n","protected":false},"excerpt":{"rendered":"<p>El divendres 24 de mar\u00e7 els alumnes de 4t van anar a la cloenda del conte col\u00b7laboratiu (conte realitzat per diferents escoles) on ells van redactar el final d&#8217;un dels contes.<br \/>\nAll\u00e0 van estar amb els alumnes de les d&#8217;altres escoles que tamb\u00e9 hi van participar.<br \/>\nDurant&hellip;  <a href=\"https:\/\/agora.xtec.cat\/escola-bernatmetgeelprat\/portada\/conte-col%c2%b7laboratiu-4t\/\" title=\"Read Conte col\u00b7laboratiu 4t\">Llegeix m\u00e9s\u00bb<\/a><\/p>\n","protected":false},"author":1,"featured_media":1721,"comment_status":"open","ping_status":"open","sticky":false,"template":"","format":"standard","meta":{"_bbp_topic_count":0,"_bbp_reply_count":0,"_bbp_total_topic_count":0,"_bbp_total_reply_count":0,"_bbp_voice_count":0,"_bbp_anonymous_reply_count":0,"_bbp_topic_count_hidden":0,"_bbp_reply_count_hidden":0,"_bbp_forum_subforum_count":0,"footnotes":""},"categories":[13,4],"tags":[],"class_list":["post-1720","post","type-post","status-publish","format-standard","has-post-thumbnail","hentry","category-4t","category-portada"],"post_mailing_queue_ids":[],"_links":{"self":[{"href":"https:\/\/agora.xtec.cat\/escola-bernatmetgeelprat\/wp-json\/wp\/v2\/posts\/1720","targetHints":{"allow":["GET"]}}],"collection":[{"href":"https:\/\/agora.xtec.cat\/escola-bernatmetgeelprat\/wp-json\/wp\/v2\/posts"}],"about":[{"href":"https:\/\/agora.xtec.cat\/escola-bernatmetgeelprat\/wp-json\/wp\/v2\/types\/post"}],"author":[{"embeddable":true,"href":"https:\/\/agora.xtec.cat\/escola-bernatmetgeelprat\/wp-json\/wp\/v2\/users\/1"}],"replies":[{"embeddable":true,"href":"https:\/\/agora.xtec.cat\/escola-bernatmetgeelprat\/wp-json\/wp\/v2\/comments?post=1720"}],"version-history":[{"count":3,"href":"https:\/\/agora.xtec.cat\/escola-bernatmetgeelprat\/wp-json\/wp\/v2\/posts\/1720\/revisions"}],"predecessor-version":[{"id":1749,"href":"https:\/\/agora.xtec.cat\/escola-bernatmetgeelprat\/wp-json\/wp\/v2\/posts\/1720\/revisions\/1749"}],"wp:featuredmedia":[{"embeddable":true,"href":"https:\/\/agora.xtec.cat\/escola-bernatmetgeelprat\/wp-json\/wp\/v2\/media\/1721"}],"wp:attachment":[{"href":"https:\/\/agora.xtec.cat\/escola-bernatmetgeelprat\/wp-json\/wp\/v2\/media?parent=1720"}],"wp:term":[{"taxonomy":"category","embeddable":true,"href":"https:\/\/agora.xtec.cat\/escola-bernatmetgeelprat\/wp-json\/wp\/v2\/categories?post=1720"},{"taxonomy":"post_tag","embeddable":true,"href":"https:\/\/agora.xtec.cat\/escola-bernatmetgeelprat\/wp-json\/wp\/v2\/tags?post=1720"}],"curies":[{"name":"wp","href":"https:\/\/api.w.org\/{rel}","templated":true}]}}