{"id":1704,"date":"2017-03-28T17:26:27","date_gmt":"2017-03-28T15:26:27","guid":{"rendered":"http:\/\/agora.xtec.cat\/escola-bernatmetgeelprat\/?p=1704"},"modified":"2017-03-28T17:27:16","modified_gmt":"2017-03-28T15:27:16","slug":"taller-de-poesia-a-4t","status":"publish","type":"post","link":"https:\/\/agora.xtec.cat\/escola-bernatmetgeelprat\/portada\/taller-de-poesia-a-4t\/","title":{"rendered":"TALLER DE POESIA A 4t"},"content":{"rendered":"<p>Dimecres 15 de Mar\u00e7 els alumnes de 4t van participar en un taller de poesia. Els hi van explicar diferents maneres de redactar.<\/p>\n<p>&#8220;Poemes molt bonics van redactar\u00a0i en forma de rap els van recitar&#8221;.<\/p>\n<p><a href=\"https:\/\/goo.gl\/photos\/Sn6nC8tt3DinMdJL8\" target=\"_blank\"><img loading=\"lazy\" decoding=\"async\" class=\"size-medium wp-image-1705 aligncenter\" src=\"http:\/\/agora.xtec.cat\/escola-bernatmetgeelprat\/wp-content\/uploads\/usu186\/2017\/03\/IMG_20170315_104907-300x225.jpg\" alt=\"img_20170315_104907\" width=\"300\" height=\"225\" srcset=\"https:\/\/agora.xtec.cat\/escola-bernatmetgeelprat\/wp-content\/uploads\/usu186\/2017\/03\/IMG_20170315_104907-300x225.jpg 300w, https:\/\/agora.xtec.cat\/escola-bernatmetgeelprat\/wp-content\/uploads\/usu186\/2017\/03\/IMG_20170315_104907-768x576.jpg 768w, https:\/\/agora.xtec.cat\/escola-bernatmetgeelprat\/wp-content\/uploads\/usu186\/2017\/03\/IMG_20170315_104907-1024x768.jpg 1024w, https:\/\/agora.xtec.cat\/escola-bernatmetgeelprat\/wp-content\/uploads\/usu186\/2017\/03\/IMG_20170315_104907-200x150.jpg 200w\" sizes=\"auto, (max-width: 300px) 100vw, 300px\" \/><\/a><\/p>\n<p>Clicant a la imatge podreu accedir a l\u2019\u00e0lbum de fotos de l\u2019activitat.<\/p>\n<p>(Av\u00eds: La publicaci\u00f3 d\u2019imatges de l\u2019alumnat de l\u2019escola correspon \u00fanicament a la pr\u00f2pia escola. Per tant, \u00e9s prohibida la difusi\u00f3 o manipulaci\u00f3 en d\u2019altres espais p\u00fablics. Llei org\u00e0nica 1\/1982 de 5 de maig sobre el dret a l\u2019honor, a la pr\u00f2pia intimitat i la pr\u00f2pia imatge.)<\/p>\n","protected":false},"excerpt":{"rendered":"<p>Dimecres 15 de Mar\u00e7 els alumnes de 4t van participar en un taller de poesia. Els hi van explicar diferents maneres de redactar.<br \/>\n&#8220;Poemes molt bonics van redactar\u00a0i en forma de rap els van recitar&#8221;.<br \/>\n<a href=\"https:\/\/goo.gl\/photos\/Sn6nC8tt3DinMdJL8\" target=\"_blank\"><\/a><br \/>\nClicant a la imatge podreu accedir a l\u2019\u00e0lbum de fotos&hellip;  <a href=\"https:\/\/agora.xtec.cat\/escola-bernatmetgeelprat\/portada\/taller-de-poesia-a-4t\/\" title=\"Read TALLER DE POESIA A 4t\">Llegeix m\u00e9s\u00bb<\/a><\/p>\n","protected":false},"author":1,"featured_media":1705,"comment_status":"open","ping_status":"open","sticky":false,"template":"","format":"standard","meta":{"_bbp_topic_count":0,"_bbp_reply_count":0,"_bbp_total_topic_count":0,"_bbp_total_reply_count":0,"_bbp_voice_count":0,"_bbp_anonymous_reply_count":0,"_bbp_topic_count_hidden":0,"_bbp_reply_count_hidden":0,"_bbp_forum_subforum_count":0,"footnotes":""},"categories":[13,26,4],"tags":[],"class_list":["post-1704","post","type-post","status-publish","format-standard","has-post-thumbnail","hentry","category-4t","category-cicle-mitja","category-portada"],"post_mailing_queue_ids":[],"_links":{"self":[{"href":"https:\/\/agora.xtec.cat\/escola-bernatmetgeelprat\/wp-json\/wp\/v2\/posts\/1704","targetHints":{"allow":["GET"]}}],"collection":[{"href":"https:\/\/agora.xtec.cat\/escola-bernatmetgeelprat\/wp-json\/wp\/v2\/posts"}],"about":[{"href":"https:\/\/agora.xtec.cat\/escola-bernatmetgeelprat\/wp-json\/wp\/v2\/types\/post"}],"author":[{"embeddable":true,"href":"https:\/\/agora.xtec.cat\/escola-bernatmetgeelprat\/wp-json\/wp\/v2\/users\/1"}],"replies":[{"embeddable":true,"href":"https:\/\/agora.xtec.cat\/escola-bernatmetgeelprat\/wp-json\/wp\/v2\/comments?post=1704"}],"version-history":[{"count":3,"href":"https:\/\/agora.xtec.cat\/escola-bernatmetgeelprat\/wp-json\/wp\/v2\/posts\/1704\/revisions"}],"predecessor-version":[{"id":1719,"href":"https:\/\/agora.xtec.cat\/escola-bernatmetgeelprat\/wp-json\/wp\/v2\/posts\/1704\/revisions\/1719"}],"wp:featuredmedia":[{"embeddable":true,"href":"https:\/\/agora.xtec.cat\/escola-bernatmetgeelprat\/wp-json\/wp\/v2\/media\/1705"}],"wp:attachment":[{"href":"https:\/\/agora.xtec.cat\/escola-bernatmetgeelprat\/wp-json\/wp\/v2\/media?parent=1704"}],"wp:term":[{"taxonomy":"category","embeddable":true,"href":"https:\/\/agora.xtec.cat\/escola-bernatmetgeelprat\/wp-json\/wp\/v2\/categories?post=1704"},{"taxonomy":"post_tag","embeddable":true,"href":"https:\/\/agora.xtec.cat\/escola-bernatmetgeelprat\/wp-json\/wp\/v2\/tags?post=1704"}],"curies":[{"name":"wp","href":"https:\/\/api.w.org\/{rel}","templated":true}]}}