{"id":1673,"date":"2017-03-15T14:04:37","date_gmt":"2017-03-15T13:04:37","guid":{"rendered":"http:\/\/agora.xtec.cat\/escola-bernatmetgeelprat\/?p=1673"},"modified":"2017-03-15T14:04:37","modified_gmt":"2017-03-15T13:04:37","slug":"teatre-6e-estas-pantallat","status":"publish","type":"post","link":"https:\/\/agora.xtec.cat\/escola-bernatmetgeelprat\/portada\/teatre-6e-estas-pantallat\/","title":{"rendered":"Teatre 6\u00e8: &#8220;Est\u00e0s pantallat?&#8221;"},"content":{"rendered":"<p>El dimarts 14 de mar\u00e7 els nens i les nenes de 6\u00e8, vam poder gaudir d&#8217;una obra de teatre anomenada &#8220;Est\u00e0s pantallat?&#8221; \u00a0i ens\u00a0vam adonar de la import\u00e0ncia que t\u00e9 compartir moments amb els amics, la fam\u00edlia, etc, en comptes d&#8217;estar moltes hores davant la pantalla de l&#8217;ordinador, el m\u00f2bil o la tablet.<\/p>\n<p>Va ser molt divertit i molt enriquidor per a tots nosaltres!<\/p>\n<p><a href=\"https:\/\/goo.gl\/photos\/w88pAZb5x7hrtDAf7\"><img loading=\"lazy\" decoding=\"async\" class=\"alignnone size-large wp-image-1674\" src=\"http:\/\/agora.xtec.cat\/escola-bernatmetgeelprat\/wp-content\/uploads\/usu186\/2017\/03\/12-1024x768.jpg\" alt=\"12\" width=\"1024\" height=\"768\" srcset=\"https:\/\/agora.xtec.cat\/escola-bernatmetgeelprat\/wp-content\/uploads\/usu186\/2017\/03\/12-1024x768.jpg 1024w, https:\/\/agora.xtec.cat\/escola-bernatmetgeelprat\/wp-content\/uploads\/usu186\/2017\/03\/12-300x225.jpg 300w, https:\/\/agora.xtec.cat\/escola-bernatmetgeelprat\/wp-content\/uploads\/usu186\/2017\/03\/12-768x576.jpg 768w, https:\/\/agora.xtec.cat\/escola-bernatmetgeelprat\/wp-content\/uploads\/usu186\/2017\/03\/12-200x150.jpg 200w\" sizes=\"auto, (max-width: 1024px) 100vw, 1024px\" \/><\/a><\/p>\n<p>Clicant a la imatge podeu accedir a l&#8217;\u00e0lbum de fotografies de l&#8217;activitat.<\/p>\n<p>(Av\u00eds: La publicaci\u00f3 d\u2019imatges de l\u2019alumnat de l\u2019escola correspon \u00fanicament a la pr\u00f2pia escola. Per tant, \u00e9s prohibida la difusi\u00f3 o manipulaci\u00f3 en d\u2019altres espais p\u00fablics. Llei org\u00e0nica 1\/1982 de 5 de maig sobre el dret a l\u2019honor, a la pr\u00f2pia intimitat i la pr\u00f2pia imatge.)<\/p>\n<p>&nbsp;<\/p>\n","protected":false},"excerpt":{"rendered":"<p>El dimarts 14 de mar\u00e7 els nens i les nenes de 6\u00e8, vam poder gaudir d&#8217;una obra de teatre anomenada &#8220;Est\u00e0s pantallat?&#8221; \u00a0i ens\u00a0vam adonar de la import\u00e0ncia que t\u00e9 compartir moments amb els amics, la fam\u00edlia, etc, en comptes d&#8217;estar moltes hores davant la&hellip;  <a href=\"https:\/\/agora.xtec.cat\/escola-bernatmetgeelprat\/portada\/teatre-6e-estas-pantallat\/\" title=\"Read Teatre 6\u00e8: &#8220;Est\u00e0s pantallat?&#8221;\">Llegeix m\u00e9s\u00bb<\/a><\/p>\n","protected":false},"author":1,"featured_media":1674,"comment_status":"open","ping_status":"open","sticky":false,"template":"","format":"standard","meta":{"_bbp_topic_count":0,"_bbp_reply_count":0,"_bbp_total_topic_count":0,"_bbp_total_reply_count":0,"_bbp_voice_count":0,"_bbp_anonymous_reply_count":0,"_bbp_topic_count_hidden":0,"_bbp_reply_count_hidden":0,"_bbp_forum_subforum_count":0,"footnotes":""},"categories":[15,4],"tags":[],"class_list":["post-1673","post","type-post","status-publish","format-standard","has-post-thumbnail","hentry","category-6e","category-portada"],"post_mailing_queue_ids":[],"_links":{"self":[{"href":"https:\/\/agora.xtec.cat\/escola-bernatmetgeelprat\/wp-json\/wp\/v2\/posts\/1673","targetHints":{"allow":["GET"]}}],"collection":[{"href":"https:\/\/agora.xtec.cat\/escola-bernatmetgeelprat\/wp-json\/wp\/v2\/posts"}],"about":[{"href":"https:\/\/agora.xtec.cat\/escola-bernatmetgeelprat\/wp-json\/wp\/v2\/types\/post"}],"author":[{"embeddable":true,"href":"https:\/\/agora.xtec.cat\/escola-bernatmetgeelprat\/wp-json\/wp\/v2\/users\/1"}],"replies":[{"embeddable":true,"href":"https:\/\/agora.xtec.cat\/escola-bernatmetgeelprat\/wp-json\/wp\/v2\/comments?post=1673"}],"version-history":[{"count":3,"href":"https:\/\/agora.xtec.cat\/escola-bernatmetgeelprat\/wp-json\/wp\/v2\/posts\/1673\/revisions"}],"predecessor-version":[{"id":1680,"href":"https:\/\/agora.xtec.cat\/escola-bernatmetgeelprat\/wp-json\/wp\/v2\/posts\/1673\/revisions\/1680"}],"wp:featuredmedia":[{"embeddable":true,"href":"https:\/\/agora.xtec.cat\/escola-bernatmetgeelprat\/wp-json\/wp\/v2\/media\/1674"}],"wp:attachment":[{"href":"https:\/\/agora.xtec.cat\/escola-bernatmetgeelprat\/wp-json\/wp\/v2\/media?parent=1673"}],"wp:term":[{"taxonomy":"category","embeddable":true,"href":"https:\/\/agora.xtec.cat\/escola-bernatmetgeelprat\/wp-json\/wp\/v2\/categories?post=1673"},{"taxonomy":"post_tag","embeddable":true,"href":"https:\/\/agora.xtec.cat\/escola-bernatmetgeelprat\/wp-json\/wp\/v2\/tags?post=1673"}],"curies":[{"name":"wp","href":"https:\/\/api.w.org\/{rel}","templated":true}]}}