{"id":1628,"date":"2017-03-13T09:44:01","date_gmt":"2017-03-13T08:44:01","guid":{"rendered":"http:\/\/agora.xtec.cat\/escola-bernatmetgeelprat\/?p=1628"},"modified":"2017-03-13T09:44:01","modified_gmt":"2017-03-13T08:44:01","slug":"exposicions-medi-5eb-la-salut","status":"publish","type":"post","link":"https:\/\/agora.xtec.cat\/escola-bernatmetgeelprat\/portada\/exposicions-medi-5eb-la-salut\/","title":{"rendered":"Exposicions medi 5\u00e8B &#8220;La salut&#8221;"},"content":{"rendered":"<p>Aqu\u00ed us deixem un tastet de les exposicions que els nens i nenes de 5\u00e8B van fer treballant el tema de la Salut a medi.<\/p>\n<p>Va ser molt divertit i molt enriquidor, ja que ho van fer cooperativament, de manera que es van sentir totalment protagonistes del seu propi aprenentatge i s&#8217;ho van passar d&#8217;all\u00f2 m\u00e9s b\u00e9.<\/p>\n<p>Estem contents perqu\u00e8 mica en mica veiem que els nens i nenes es van fent grans, i volen anar un pas m\u00e9s enll\u00e0 a l&#8217;hora de realitzar les tasques que se&#8217;ls hi encomanen.<\/p>\n<p><iframe loading=\"lazy\" title=\"VID 20170209 154146\" width=\"500\" height=\"281\" src=\"https:\/\/www.youtube.com\/embed\/1SJpvX7gosI?feature=oembed\" frameborder=\"0\" allow=\"accelerometer; autoplay; clipboard-write; encrypted-media; gyroscope; picture-in-picture; web-share\" referrerpolicy=\"strict-origin-when-cross-origin\" allowfullscreen><\/iframe><\/p>\n<p><iframe loading=\"lazy\" title=\"VID 20170209 155030\" width=\"500\" height=\"281\" src=\"https:\/\/www.youtube.com\/embed\/HdKtE3cfatk?feature=oembed\" frameborder=\"0\" allow=\"accelerometer; autoplay; clipboard-write; encrypted-media; gyroscope; picture-in-picture; web-share\" referrerpolicy=\"strict-origin-when-cross-origin\" allowfullscreen><\/iframe><\/p>\n<p><iframe loading=\"lazy\" title=\"VID 20170209 160022\" width=\"500\" height=\"281\" src=\"https:\/\/www.youtube.com\/embed\/9yRoXxM2UAo?feature=oembed\" frameborder=\"0\" allow=\"accelerometer; autoplay; clipboard-write; encrypted-media; gyroscope; picture-in-picture; web-share\" referrerpolicy=\"strict-origin-when-cross-origin\" allowfullscreen><\/iframe><\/p>\n<p><iframe loading=\"lazy\" title=\"VID 20170215 113922\" width=\"500\" height=\"281\" src=\"https:\/\/www.youtube.com\/embed\/zKxy-mh7nV4?feature=oembed\" frameborder=\"0\" allow=\"accelerometer; autoplay; clipboard-write; encrypted-media; gyroscope; picture-in-picture; web-share\" referrerpolicy=\"strict-origin-when-cross-origin\" allowfullscreen><\/iframe><\/p>\n<p><iframe loading=\"lazy\" title=\"grup5\" width=\"500\" height=\"281\" src=\"https:\/\/www.youtube.com\/embed\/_a7I1W-JeWw?feature=oembed\" frameborder=\"0\" allow=\"accelerometer; autoplay; clipboard-write; encrypted-media; gyroscope; picture-in-picture; web-share\" referrerpolicy=\"strict-origin-when-cross-origin\" allowfullscreen><\/iframe><\/p>\n<p>(Av\u00eds: La publicaci\u00f3 d\u2019imatges de l\u2019alumnat de l\u2019escola correspon \u00fanicament a la pr\u00f2pia escola. Per tant, \u00e9s prohibida la difusi\u00f3 o manipulaci\u00f3 en d\u2019altres espais p\u00fablics. Llei org\u00e0nica 1\/1982 de 5 de maig sobre el dret a l\u2019honor, a la pr\u00f2pia intimitat i la pr\u00f2pia imatge.)<\/p>\n","protected":false},"excerpt":{"rendered":"<p>Aqu\u00ed us deixem un tastet de les exposicions que els nens i nenes de 5\u00e8B van fer treballant el tema de la Salut a medi.<br \/>\nVa ser molt divertit i molt enriquidor, ja que ho van fer cooperativament, de manera que es van sentir totalment protagonistes&hellip;  <a href=\"https:\/\/agora.xtec.cat\/escola-bernatmetgeelprat\/portada\/exposicions-medi-5eb-la-salut\/\" title=\"Read Exposicions medi 5\u00e8B &#8220;La salut&#8221;\">Llegeix m\u00e9s\u00bb<\/a><\/p>\n","protected":false},"author":1,"featured_media":1652,"comment_status":"open","ping_status":"open","sticky":false,"template":"","format":"standard","meta":{"_bbp_topic_count":0,"_bbp_reply_count":0,"_bbp_total_topic_count":0,"_bbp_total_reply_count":0,"_bbp_voice_count":0,"_bbp_anonymous_reply_count":0,"_bbp_topic_count_hidden":0,"_bbp_reply_count_hidden":0,"_bbp_forum_subforum_count":0,"footnotes":""},"categories":[14,4],"tags":[],"class_list":["post-1628","post","type-post","status-publish","format-standard","has-post-thumbnail","hentry","category-5e","category-portada"],"post_mailing_queue_ids":[],"_links":{"self":[{"href":"https:\/\/agora.xtec.cat\/escola-bernatmetgeelprat\/wp-json\/wp\/v2\/posts\/1628","targetHints":{"allow":["GET"]}}],"collection":[{"href":"https:\/\/agora.xtec.cat\/escola-bernatmetgeelprat\/wp-json\/wp\/v2\/posts"}],"about":[{"href":"https:\/\/agora.xtec.cat\/escola-bernatmetgeelprat\/wp-json\/wp\/v2\/types\/post"}],"author":[{"embeddable":true,"href":"https:\/\/agora.xtec.cat\/escola-bernatmetgeelprat\/wp-json\/wp\/v2\/users\/1"}],"replies":[{"embeddable":true,"href":"https:\/\/agora.xtec.cat\/escola-bernatmetgeelprat\/wp-json\/wp\/v2\/comments?post=1628"}],"version-history":[{"count":2,"href":"https:\/\/agora.xtec.cat\/escola-bernatmetgeelprat\/wp-json\/wp\/v2\/posts\/1628\/revisions"}],"predecessor-version":[{"id":1630,"href":"https:\/\/agora.xtec.cat\/escola-bernatmetgeelprat\/wp-json\/wp\/v2\/posts\/1628\/revisions\/1630"}],"wp:featuredmedia":[{"embeddable":true,"href":"https:\/\/agora.xtec.cat\/escola-bernatmetgeelprat\/wp-json\/wp\/v2\/media\/1652"}],"wp:attachment":[{"href":"https:\/\/agora.xtec.cat\/escola-bernatmetgeelprat\/wp-json\/wp\/v2\/media?parent=1628"}],"wp:term":[{"taxonomy":"category","embeddable":true,"href":"https:\/\/agora.xtec.cat\/escola-bernatmetgeelprat\/wp-json\/wp\/v2\/categories?post=1628"},{"taxonomy":"post_tag","embeddable":true,"href":"https:\/\/agora.xtec.cat\/escola-bernatmetgeelprat\/wp-json\/wp\/v2\/tags?post=1628"}],"curies":[{"name":"wp","href":"https:\/\/api.w.org\/{rel}","templated":true}]}}