{"id":1471,"date":"2017-01-27T10:42:07","date_gmt":"2017-01-27T09:42:07","guid":{"rendered":"http:\/\/agora.xtec.cat\/escola-bernatmetgeelprat\/?p=1471"},"modified":"2017-01-27T10:42:07","modified_gmt":"2017-01-27T09:42:07","slug":"projecte-de-recollida-de-piles-a-lescola-apilo-xii","status":"publish","type":"post","link":"https:\/\/agora.xtec.cat\/escola-bernatmetgeelprat\/infantil\/projecte-de-recollida-de-piles-a-lescola-apilo-xii\/","title":{"rendered":"Projecte de recollida de piles a l&#8217;escola Apilo XII"},"content":{"rendered":"<p>Aquest curs ens hem tornat a adherir al\u00a0<strong>projecte de recollida de piles a l&#8217;escola Apilo XII<\/strong>.<\/p>\n<p>Els objectius d&#8217;aquest projecte s\u00f3n: reciclar les piles i acumuladors port\u00e0tils i, aprendre que fent-ho, evitem l&#8217;impacte mediambiental dels materials nocius que contenen.<\/p>\n<p>El programa el situem entre\u00a0 dos projectes interns: \u201cGrup verd i acci\u00f3\u201d (projecte de sostenibilitat) i \u201caprenem a pensar\u201d que pret\u00e9n desenvolupar l&#8217;aprenentatge des del pensament cient\u00edfic i matem\u00e0tic.<\/p>\n<p>Fins el mes de maig a l&#8217;escola es recolliran en un contenidor espec\u00edfic tota mena de piles per participar en el concurs.<\/p>\n<p>Esperem recollir \u00a0moltes!!! Fins i tot superar els 60 quilos que vam aconseguir el curs passat.<\/p>\n<p>Per aquest motiu us animem a que participeu i que feu que els vostres fills i filles portin a l&#8217;escola les piles i acumuladors port\u00e0tils (bateries) que es vagin gastant o fent malb\u00e9.<\/p>\n<p><a href=\"http:\/\/agora.xtec.cat\/escola-bernatmetgeelprat\/wp-content\/uploads\/usu186\/2017\/01\/IMG_20170127_103733.jpg\"><img loading=\"lazy\" decoding=\"async\" class=\"aligncenter size-full wp-image-1472\" src=\"http:\/\/agora.xtec.cat\/escola-bernatmetgeelprat\/wp-content\/uploads\/usu186\/2017\/01\/IMG_20170127_103733.jpg\" alt=\"img_20170127_103733\" width=\"750\" height=\"1000\" srcset=\"https:\/\/agora.xtec.cat\/escola-bernatmetgeelprat\/wp-content\/uploads\/usu186\/2017\/01\/IMG_20170127_103733.jpg 750w, https:\/\/agora.xtec.cat\/escola-bernatmetgeelprat\/wp-content\/uploads\/usu186\/2017\/01\/IMG_20170127_103733-225x300.jpg 225w\" sizes=\"auto, (max-width: 750px) 100vw, 750px\" \/><\/a><\/p>\n","protected":false},"excerpt":{"rendered":"<p>Aquest curs ens hem tornat a adherir al\u00a0projecte de recollida de piles a l&#8217;escola Apilo XII.<br \/>\nEls objectius d&#8217;aquest projecte s\u00f3n: reciclar les piles i acumuladors port\u00e0tils i, aprendre que fent-ho, evitem l&#8217;impacte mediambiental dels materials nocius que contenen.<br \/>\nEl programa el situem entre\u00a0 dos projectes interns:&hellip;  <a href=\"https:\/\/agora.xtec.cat\/escola-bernatmetgeelprat\/infantil\/projecte-de-recollida-de-piles-a-lescola-apilo-xii\/\" title=\"Read Projecte de recollida de piles a l&#8217;escola Apilo XII\">Llegeix m\u00e9s\u00bb<\/a><\/p>\n","protected":false},"author":1,"featured_media":1472,"comment_status":"open","ping_status":"open","sticky":false,"template":"","format":"standard","meta":{"_bbp_topic_count":0,"_bbp_reply_count":0,"_bbp_total_topic_count":0,"_bbp_total_reply_count":0,"_bbp_voice_count":0,"_bbp_anonymous_reply_count":0,"_bbp_topic_count_hidden":0,"_bbp_reply_count_hidden":0,"_bbp_forum_subforum_count":0,"footnotes":""},"categories":[29,25,26,27,21,2,4,30],"tags":[],"class_list":["post-1471","post","type-post","status-publish","format-standard","has-post-thumbnail","hentry","category-aprenem-a-pensar","category-cicle-inicial","category-cicle-mitja","category-cicle-superior","category-cicles","category-infantil","category-portada","category-projectes"],"post_mailing_queue_ids":[],"_links":{"self":[{"href":"https:\/\/agora.xtec.cat\/escola-bernatmetgeelprat\/wp-json\/wp\/v2\/posts\/1471","targetHints":{"allow":["GET"]}}],"collection":[{"href":"https:\/\/agora.xtec.cat\/escola-bernatmetgeelprat\/wp-json\/wp\/v2\/posts"}],"about":[{"href":"https:\/\/agora.xtec.cat\/escola-bernatmetgeelprat\/wp-json\/wp\/v2\/types\/post"}],"author":[{"embeddable":true,"href":"https:\/\/agora.xtec.cat\/escola-bernatmetgeelprat\/wp-json\/wp\/v2\/users\/1"}],"replies":[{"embeddable":true,"href":"https:\/\/agora.xtec.cat\/escola-bernatmetgeelprat\/wp-json\/wp\/v2\/comments?post=1471"}],"version-history":[{"count":1,"href":"https:\/\/agora.xtec.cat\/escola-bernatmetgeelprat\/wp-json\/wp\/v2\/posts\/1471\/revisions"}],"predecessor-version":[{"id":1473,"href":"https:\/\/agora.xtec.cat\/escola-bernatmetgeelprat\/wp-json\/wp\/v2\/posts\/1471\/revisions\/1473"}],"wp:featuredmedia":[{"embeddable":true,"href":"https:\/\/agora.xtec.cat\/escola-bernatmetgeelprat\/wp-json\/wp\/v2\/media\/1472"}],"wp:attachment":[{"href":"https:\/\/agora.xtec.cat\/escola-bernatmetgeelprat\/wp-json\/wp\/v2\/media?parent=1471"}],"wp:term":[{"taxonomy":"category","embeddable":true,"href":"https:\/\/agora.xtec.cat\/escola-bernatmetgeelprat\/wp-json\/wp\/v2\/categories?post=1471"},{"taxonomy":"post_tag","embeddable":true,"href":"https:\/\/agora.xtec.cat\/escola-bernatmetgeelprat\/wp-json\/wp\/v2\/tags?post=1471"}],"curies":[{"name":"wp","href":"https:\/\/api.w.org\/{rel}","templated":true}]}}