{"id":11905,"date":"2020-02-10T17:17:03","date_gmt":"2020-02-10T16:17:03","guid":{"rendered":"https:\/\/agora.xtec.cat\/escola-bernatmetgeelprat\/?p=11905"},"modified":"2020-02-10T17:26:23","modified_gmt":"2020-02-10T16:26:23","slug":"anellament-i-cens-daus-al-delta","status":"publish","type":"post","link":"https:\/\/agora.xtec.cat\/escola-bernatmetgeelprat\/general\/anellament-i-cens-daus-al-delta\/","title":{"rendered":"Anellament i cens d&#8217;aus al Delta"},"content":{"rendered":"<p><a href=\"https:\/\/agora.xtec.cat\/escola-bernatmetgeelprat\/wp-content\/uploads\/usu186\/2020\/02\/0001-1.jpg\"><img loading=\"lazy\" decoding=\"async\" class=\"wp-image-11908 size-thumbnail alignleft\" src=\"https:\/\/agora.xtec.cat\/escola-bernatmetgeelprat\/wp-content\/uploads\/usu186\/2020\/02\/0001-1-150x150.jpg\" alt=\"\" width=\"150\" height=\"150\" \/><\/a>El passat 29 de gener els agents mediambientals de cada classe (de P5\u00a0 a 6\u00e8),\u00a0 l&#8217;Anna,\u00a0\u00a0acompanyats de professorat responsable de la comissi\u00f3 de sostenibilitat i una<span style=\"font-family: inherit; font-size: 1em;\"> mare de l&#8217;escola, van realitzar una activitat a Cal Tet,\u00a0 com a gestors del territori.<\/span><\/p>\n<p>Van participar a una activitat de control de la poblaci\u00f3 i l&#8217;anellament cient\u00edfic <span style=\"font-family: inherit; font-size: 1em;\">d&#8217;aus als espais naturals de Cal Tet, amb nens i nenes d&#8217;altres escoles i instituts. <\/span><span style=\"font-family: inherit; font-size: 1em;\">\u00a0<\/span><\/p>\n<p>Va ser una experi\u00e8ncia molt\u00a0 i<span style=\"font-family: inherit; font-size: 1em;\">nteressant<\/span> i molt <span style=\"font-family: inherit; font-size: 1em;\">gratificant<\/span><span style=\"font-family: inherit;\"><span style=\"font-size: 1em;\">. Despr\u00e9s, a l&#8217;escola, cada parella de nens i nenes que van anar, van explicar al seu grup el contingut de l&#8217;activitat i la import\u00e0ncia de ser agents <\/span><\/span>mediambientals<span style=\"font-family: inherit;\"><span style=\"font-size: 1em;\"> i protegir les esp\u00e8cies.<\/span><\/span><\/p>\n<p>Gr\u00e0cies als alumnes i al seu comprom\u00eds!<\/p>\n<p><a href=\"https:\/\/photos.app.goo.gl\/Jv1Xp48NGEoCRZBi6\" target=\"_blank\" rel=\"noopener noreferrer\"><img loading=\"lazy\" decoding=\"async\" class=\"aligncenter wp-image-11909 size-large\" src=\"https:\/\/agora.xtec.cat\/escola-bernatmetgeelprat\/wp-content\/uploads\/usu186\/2020\/02\/IMG_6518-1024x768.jpg\" alt=\"\" width=\"1024\" height=\"768\" srcset=\"https:\/\/agora.xtec.cat\/escola-bernatmetgeelprat\/wp-content\/uploads\/usu186\/2020\/02\/IMG_6518-1024x768.jpg 1024w, https:\/\/agora.xtec.cat\/escola-bernatmetgeelprat\/wp-content\/uploads\/usu186\/2020\/02\/IMG_6518-300x225.jpg 300w, https:\/\/agora.xtec.cat\/escola-bernatmetgeelprat\/wp-content\/uploads\/usu186\/2020\/02\/IMG_6518-768x576.jpg 768w, https:\/\/agora.xtec.cat\/escola-bernatmetgeelprat\/wp-content\/uploads\/usu186\/2020\/02\/IMG_6518-200x150.jpg 200w\" sizes=\"auto, (max-width: 1024px) 100vw, 1024px\" \/><\/a><\/p>\n<p>(Av\u00eds: La publicaci\u00f3 d\u2019imatges de l\u2019alumnat de l\u2019escola correspon \u00fanicament a la pr\u00f2pia escola. Per tant, \u00e9s prohibida la difusi\u00f3 o manipulaci\u00f3 en d\u2019altres espais p\u00fablics. Llei org\u00e0nica 1\/1982 de 5 de maig sobre el dret a l\u2019honor, a la pr\u00f2pia intimitat i la pr\u00f2pia imatge.)<\/p>\n","protected":false},"excerpt":{"rendered":"<p><a href=\"https:\/\/agora.xtec.cat\/escola-bernatmetgeelprat\/wp-content\/uploads\/usu186\/2020\/02\/0001-1.jpg\"><\/a>El passat 29 de gener els agents mediambientals de cada classe (de P5\u00a0 a 6\u00e8),\u00a0 l&#8217;Anna,\u00a0\u00a0acompanyats de professorat responsable de la comissi\u00f3 de sostenibilitat i una mare de l&#8217;escola, van realitzar una activitat a Cal Tet,\u00a0 com a gestors del territori.<br \/>\nVan participar a una&hellip;  <a href=\"https:\/\/agora.xtec.cat\/escola-bernatmetgeelprat\/general\/anellament-i-cens-daus-al-delta\/\" title=\"Read Anellament i cens d&#8217;aus al Delta\">Llegeix m\u00e9s\u00bb<\/a><\/p>\n","protected":false},"author":1,"featured_media":0,"comment_status":"open","ping_status":"closed","sticky":false,"template":"","format":"standard","meta":{"_bbp_topic_count":0,"_bbp_reply_count":0,"_bbp_total_topic_count":0,"_bbp_total_reply_count":0,"_bbp_voice_count":0,"_bbp_anonymous_reply_count":0,"_bbp_topic_count_hidden":0,"_bbp_reply_count_hidden":0,"_bbp_forum_subforum_count":0,"footnotes":""},"categories":[25,26,27,21,71,1,4],"tags":[],"class_list":["post-11905","post","type-post","status-publish","format-standard","hentry","category-cicle-inicial","category-cicle-mitja","category-cicle-superior","category-cicles","category-escola-mes-sostenible","category-general","category-portada"],"post_mailing_queue_ids":[],"_links":{"self":[{"href":"https:\/\/agora.xtec.cat\/escola-bernatmetgeelprat\/wp-json\/wp\/v2\/posts\/11905","targetHints":{"allow":["GET"]}}],"collection":[{"href":"https:\/\/agora.xtec.cat\/escola-bernatmetgeelprat\/wp-json\/wp\/v2\/posts"}],"about":[{"href":"https:\/\/agora.xtec.cat\/escola-bernatmetgeelprat\/wp-json\/wp\/v2\/types\/post"}],"author":[{"embeddable":true,"href":"https:\/\/agora.xtec.cat\/escola-bernatmetgeelprat\/wp-json\/wp\/v2\/users\/1"}],"replies":[{"embeddable":true,"href":"https:\/\/agora.xtec.cat\/escola-bernatmetgeelprat\/wp-json\/wp\/v2\/comments?post=11905"}],"version-history":[{"count":3,"href":"https:\/\/agora.xtec.cat\/escola-bernatmetgeelprat\/wp-json\/wp\/v2\/posts\/11905\/revisions"}],"predecessor-version":[{"id":11914,"href":"https:\/\/agora.xtec.cat\/escola-bernatmetgeelprat\/wp-json\/wp\/v2\/posts\/11905\/revisions\/11914"}],"wp:attachment":[{"href":"https:\/\/agora.xtec.cat\/escola-bernatmetgeelprat\/wp-json\/wp\/v2\/media?parent=11905"}],"wp:term":[{"taxonomy":"category","embeddable":true,"href":"https:\/\/agora.xtec.cat\/escola-bernatmetgeelprat\/wp-json\/wp\/v2\/categories?post=11905"},{"taxonomy":"post_tag","embeddable":true,"href":"https:\/\/agora.xtec.cat\/escola-bernatmetgeelprat\/wp-json\/wp\/v2\/tags?post=11905"}],"curies":[{"name":"wp","href":"https:\/\/api.w.org\/{rel}","templated":true}]}}