{"id":11895,"date":"2020-02-10T16:04:35","date_gmt":"2020-02-10T15:04:35","guid":{"rendered":"https:\/\/agora.xtec.cat\/escola-bernatmetgeelprat\/?p=11895"},"modified":"2020-02-12T09:16:52","modified_gmt":"2020-02-12T08:16:52","slug":"6e-coneix-els-instituts-de-la-nostra-zona-dadscripcio","status":"publish","type":"post","link":"https:\/\/agora.xtec.cat\/escola-bernatmetgeelprat\/general\/6e-coneix-els-instituts-de-la-nostra-zona-dadscripcio\/","title":{"rendered":"Ens fem grans&#8230; cap a l&#8217;insti!"},"content":{"rendered":"<p>En aquests darrers dies,\u00a0 les nenes i els nens de 6\u00e8 han estat convidats a\u00a0 visitar els instituts adscrits a la nostra escola: INS Ribera Baixa i INS Baldiri Guilera.<\/p>\n<p>Han tingut un primer contacte amb el professorat i les instal\u00b7lacions dels dos centres, i han realitzat algunes activitats pr\u00f2pies de l&#8217;ESO, guiades per alumnat dels dos centres de secund\u00e0ria.<\/p>\n<p>Aquest contacte els apropa al que aviat ser\u00e0 el seu entorn escolar. Van ser molt ben rebuts i els va agradar molt.<\/p>\n<p>Molt emocionant!<\/p>\n<p><strong>Visita Institut Baldiri Guilera<\/strong><\/p>\n<p><a href=\"https:\/\/photos.app.goo.gl\/xNcZPrSSYUY4nKUYA\" target=\"_blank\" rel=\"noopener noreferrer\"><img loading=\"lazy\" decoding=\"async\" class=\"aligncenter size-full wp-image-11901\" src=\"https:\/\/agora.xtec.cat\/escola-bernatmetgeelprat\/wp-content\/uploads\/usu186\/2020\/02\/IMG_6561.jpg\" alt=\"\" width=\"1184\" height=\"888\" srcset=\"https:\/\/agora.xtec.cat\/escola-bernatmetgeelprat\/wp-content\/uploads\/usu186\/2020\/02\/IMG_6561.jpg 1184w, https:\/\/agora.xtec.cat\/escola-bernatmetgeelprat\/wp-content\/uploads\/usu186\/2020\/02\/IMG_6561-300x225.jpg 300w, https:\/\/agora.xtec.cat\/escola-bernatmetgeelprat\/wp-content\/uploads\/usu186\/2020\/02\/IMG_6561-768x576.jpg 768w, https:\/\/agora.xtec.cat\/escola-bernatmetgeelprat\/wp-content\/uploads\/usu186\/2020\/02\/IMG_6561-1024x768.jpg 1024w, https:\/\/agora.xtec.cat\/escola-bernatmetgeelprat\/wp-content\/uploads\/usu186\/2020\/02\/IMG_6561-200x150.jpg 200w\" sizes=\"auto, (max-width: 1184px) 100vw, 1184px\" \/><\/a><\/p>\n<p><strong>Visita Institut Ribera Baixa<\/strong><\/p>\n<p><a href=\"https:\/\/photos.app.goo.gl\/wqyLJk1HXdKnGRXD6\" target=\"_blank\" rel=\"noopener noreferrer\"><img loading=\"lazy\" decoding=\"async\" class=\"aligncenter size-full wp-image-11919\" src=\"https:\/\/agora.xtec.cat\/escola-bernatmetgeelprat\/wp-content\/uploads\/usu186\/2020\/02\/IMG_6706.jpg\" alt=\"\" width=\"3264\" height=\"2448\" srcset=\"https:\/\/agora.xtec.cat\/escola-bernatmetgeelprat\/wp-content\/uploads\/usu186\/2020\/02\/IMG_6706.jpg 3264w, https:\/\/agora.xtec.cat\/escola-bernatmetgeelprat\/wp-content\/uploads\/usu186\/2020\/02\/IMG_6706-300x225.jpg 300w, https:\/\/agora.xtec.cat\/escola-bernatmetgeelprat\/wp-content\/uploads\/usu186\/2020\/02\/IMG_6706-768x576.jpg 768w, https:\/\/agora.xtec.cat\/escola-bernatmetgeelprat\/wp-content\/uploads\/usu186\/2020\/02\/IMG_6706-1024x768.jpg 1024w, https:\/\/agora.xtec.cat\/escola-bernatmetgeelprat\/wp-content\/uploads\/usu186\/2020\/02\/IMG_6706-200x150.jpg 200w\" sizes=\"auto, (max-width: 3264px) 100vw, 3264px\" \/><\/a><\/p>\n<p>Clicant a les imatges podreu accedir als \u00e0lbums de fotografies.<\/p>\n<p>(Av\u00eds: La publicaci\u00f3 d\u2019imatges de l\u2019alumnat de l\u2019escola correspon \u00fanicament a la pr\u00f2pia escola. Per tant, \u00e9s prohibida la difusi\u00f3 o manipulaci\u00f3 en d\u2019altres espais p\u00fablics. Llei org\u00e0nica 1\/1982 de 5 de maig sobre el dret a l\u2019honor, a la pr\u00f2pia intimitat i la pr\u00f2pia imatge.)<\/p>\n","protected":false},"excerpt":{"rendered":"<p>En aquests darrers dies,\u00a0 les nenes i els nens de 6\u00e8 han estat convidats a\u00a0 visitar els instituts adscrits a la nostra escola: INS Ribera Baixa i INS Baldiri Guilera.<br \/>\nHan tingut un primer contacte amb el professorat i les instal\u00b7lacions dels dos centres, i han&hellip;  <a href=\"https:\/\/agora.xtec.cat\/escola-bernatmetgeelprat\/general\/6e-coneix-els-instituts-de-la-nostra-zona-dadscripcio\/\" title=\"Read Ens fem grans&#8230; cap a l&#8217;insti!\">Llegeix m\u00e9s\u00bb<\/a><\/p>\n","protected":false},"author":1,"featured_media":11919,"comment_status":"open","ping_status":"closed","sticky":false,"template":"","format":"standard","meta":{"_bbp_topic_count":0,"_bbp_reply_count":0,"_bbp_total_topic_count":0,"_bbp_total_reply_count":0,"_bbp_voice_count":0,"_bbp_anonymous_reply_count":0,"_bbp_topic_count_hidden":0,"_bbp_reply_count_hidden":0,"_bbp_forum_subforum_count":0,"footnotes":""},"categories":[15,27,21,1,4,5],"tags":[],"class_list":["post-11895","post","type-post","status-publish","format-standard","has-post-thumbnail","hentry","category-6e","category-cicle-superior","category-cicles","category-general","category-portada","category-primaria"],"post_mailing_queue_ids":[],"_links":{"self":[{"href":"https:\/\/agora.xtec.cat\/escola-bernatmetgeelprat\/wp-json\/wp\/v2\/posts\/11895","targetHints":{"allow":["GET"]}}],"collection":[{"href":"https:\/\/agora.xtec.cat\/escola-bernatmetgeelprat\/wp-json\/wp\/v2\/posts"}],"about":[{"href":"https:\/\/agora.xtec.cat\/escola-bernatmetgeelprat\/wp-json\/wp\/v2\/types\/post"}],"author":[{"embeddable":true,"href":"https:\/\/agora.xtec.cat\/escola-bernatmetgeelprat\/wp-json\/wp\/v2\/users\/1"}],"replies":[{"embeddable":true,"href":"https:\/\/agora.xtec.cat\/escola-bernatmetgeelprat\/wp-json\/wp\/v2\/comments?post=11895"}],"version-history":[{"count":3,"href":"https:\/\/agora.xtec.cat\/escola-bernatmetgeelprat\/wp-json\/wp\/v2\/posts\/11895\/revisions"}],"predecessor-version":[{"id":11972,"href":"https:\/\/agora.xtec.cat\/escola-bernatmetgeelprat\/wp-json\/wp\/v2\/posts\/11895\/revisions\/11972"}],"wp:featuredmedia":[{"embeddable":true,"href":"https:\/\/agora.xtec.cat\/escola-bernatmetgeelprat\/wp-json\/wp\/v2\/media\/11919"}],"wp:attachment":[{"href":"https:\/\/agora.xtec.cat\/escola-bernatmetgeelprat\/wp-json\/wp\/v2\/media?parent=11895"}],"wp:term":[{"taxonomy":"category","embeddable":true,"href":"https:\/\/agora.xtec.cat\/escola-bernatmetgeelprat\/wp-json\/wp\/v2\/categories?post=11895"},{"taxonomy":"post_tag","embeddable":true,"href":"https:\/\/agora.xtec.cat\/escola-bernatmetgeelprat\/wp-json\/wp\/v2\/tags?post=11895"}],"curies":[{"name":"wp","href":"https:\/\/api.w.org\/{rel}","templated":true}]}}