{"id":11776,"date":"2019-12-15T16:52:49","date_gmt":"2019-12-15T15:52:49","guid":{"rendered":"https:\/\/agora.xtec.cat\/escola-bernatmetgeelprat\/?p=11776"},"modified":"2020-01-07T17:11:21","modified_gmt":"2020-01-07T16:11:21","slug":"explicacio-pessebre-ajuntament-del-prat-educacio-infantil","status":"publish","type":"post","link":"https:\/\/agora.xtec.cat\/escola-bernatmetgeelprat\/infantil\/explicacio-pessebre-ajuntament-del-prat-educacio-infantil\/","title":{"rendered":"Explicaci\u00f3 Pessebre Ajuntament del Prat Educaci\u00f3 Infantil"},"content":{"rendered":"<p>El passat 10 de desembre els nens i nenes de P3, P4 i P5 van rebre a la visita d&#8217;alguns dels components de l&#8217;equip de gent gran que cada any elabora el Pessebre de la Pla\u00e7a de la Vila. Ells ens van explicar la tem\u00e0tica del pessebre d&#8217;aquest any i quins elements relacionats amb els contes tradicionals podrien trobar a la Pla\u00e7a de l&#8217;Ajuntament.<\/p>\n<p>Ens va encantar la seva visita i les mostres que ens van ensenyar. Moltes gr\u00e0cies!<\/p>\n<p><a href=\"https:\/\/photos.app.goo.gl\/f76Xzw1huErC1QYE7\" target=\"_blank\" rel=\"noopener noreferrer\"><img loading=\"lazy\" decoding=\"async\" class=\"aligncenter size-full wp-image-11777\" src=\"https:\/\/agora.xtec.cat\/escola-bernatmetgeelprat\/wp-content\/uploads\/usu186\/2020\/01\/gent-gran-pessebre.jpg\" alt=\"\" width=\"1184\" height=\"888\" srcset=\"https:\/\/agora.xtec.cat\/escola-bernatmetgeelprat\/wp-content\/uploads\/usu186\/2020\/01\/gent-gran-pessebre.jpg 1184w, https:\/\/agora.xtec.cat\/escola-bernatmetgeelprat\/wp-content\/uploads\/usu186\/2020\/01\/gent-gran-pessebre-300x225.jpg 300w, https:\/\/agora.xtec.cat\/escola-bernatmetgeelprat\/wp-content\/uploads\/usu186\/2020\/01\/gent-gran-pessebre-768x576.jpg 768w, https:\/\/agora.xtec.cat\/escola-bernatmetgeelprat\/wp-content\/uploads\/usu186\/2020\/01\/gent-gran-pessebre-1024x768.jpg 1024w, https:\/\/agora.xtec.cat\/escola-bernatmetgeelprat\/wp-content\/uploads\/usu186\/2020\/01\/gent-gran-pessebre-200x150.jpg 200w\" sizes=\"auto, (max-width: 1184px) 100vw, 1184px\" \/><\/a><\/p>\n<p>Clicant a la imatge podreu accedir a l\u2019\u00e0lbum de fotografies.<\/p>\n<p>(Av\u00eds: La publicaci\u00f3 d\u2019imatges de l\u2019alumnat de l\u2019escola correspon \u00fanicament a la pr\u00f2pia escola. Per tant, \u00e9s prohibida la difusi\u00f3 o manipulaci\u00f3 en d\u2019altres espais p\u00fablics. Llei org\u00e0nica 1\/1982 de 5 de maig sobre el dret a l\u2019honor, a la pr\u00f2pia intimitat i la pr\u00f2pia imatge.)<\/p>\n","protected":false},"excerpt":{"rendered":"<p>El passat 10 de desembre els nens i nenes de P3, P4 i P5 van rebre a la visita d&#8217;alguns dels components de l&#8217;equip de gent gran que cada any elabora el Pessebre de la Pla\u00e7a de la Vila. Ells ens van explicar la tem\u00e0tica&hellip;  <a href=\"https:\/\/agora.xtec.cat\/escola-bernatmetgeelprat\/infantil\/explicacio-pessebre-ajuntament-del-prat-educacio-infantil\/\" title=\"Read Explicaci\u00f3 Pessebre Ajuntament del Prat Educaci\u00f3 Infantil\">Llegeix m\u00e9s\u00bb<\/a><\/p>\n","protected":false},"author":1,"featured_media":11777,"comment_status":"open","ping_status":"closed","sticky":false,"template":"","format":"standard","meta":{"_bbp_topic_count":0,"_bbp_reply_count":0,"_bbp_total_topic_count":0,"_bbp_total_reply_count":0,"_bbp_voice_count":0,"_bbp_anonymous_reply_count":0,"_bbp_topic_count_hidden":0,"_bbp_reply_count_hidden":0,"_bbp_forum_subforum_count":0,"footnotes":""},"categories":[22,3,8,9,2,57,4],"tags":[],"class_list":["post-11776","post","type-post","status-publish","format-standard","has-post-thumbnail","hentry","category-festes","category-i3","category-i4","category-i5","category-infantil","category-nadal","category-portada"],"post_mailing_queue_ids":[],"_links":{"self":[{"href":"https:\/\/agora.xtec.cat\/escola-bernatmetgeelprat\/wp-json\/wp\/v2\/posts\/11776","targetHints":{"allow":["GET"]}}],"collection":[{"href":"https:\/\/agora.xtec.cat\/escola-bernatmetgeelprat\/wp-json\/wp\/v2\/posts"}],"about":[{"href":"https:\/\/agora.xtec.cat\/escola-bernatmetgeelprat\/wp-json\/wp\/v2\/types\/post"}],"author":[{"embeddable":true,"href":"https:\/\/agora.xtec.cat\/escola-bernatmetgeelprat\/wp-json\/wp\/v2\/users\/1"}],"replies":[{"embeddable":true,"href":"https:\/\/agora.xtec.cat\/escola-bernatmetgeelprat\/wp-json\/wp\/v2\/comments?post=11776"}],"version-history":[{"count":2,"href":"https:\/\/agora.xtec.cat\/escola-bernatmetgeelprat\/wp-json\/wp\/v2\/posts\/11776\/revisions"}],"predecessor-version":[{"id":11779,"href":"https:\/\/agora.xtec.cat\/escola-bernatmetgeelprat\/wp-json\/wp\/v2\/posts\/11776\/revisions\/11779"}],"wp:featuredmedia":[{"embeddable":true,"href":"https:\/\/agora.xtec.cat\/escola-bernatmetgeelprat\/wp-json\/wp\/v2\/media\/11777"}],"wp:attachment":[{"href":"https:\/\/agora.xtec.cat\/escola-bernatmetgeelprat\/wp-json\/wp\/v2\/media?parent=11776"}],"wp:term":[{"taxonomy":"category","embeddable":true,"href":"https:\/\/agora.xtec.cat\/escola-bernatmetgeelprat\/wp-json\/wp\/v2\/categories?post=11776"},{"taxonomy":"post_tag","embeddable":true,"href":"https:\/\/agora.xtec.cat\/escola-bernatmetgeelprat\/wp-json\/wp\/v2\/tags?post=11776"}],"curies":[{"name":"wp","href":"https:\/\/api.w.org\/{rel}","templated":true}]}}