{"id":11381,"date":"2019-06-12T15:47:50","date_gmt":"2019-06-12T13:47:50","guid":{"rendered":"http:\/\/agora.xtec.cat\/escola-bernatmetgeelprat\/?p=11381"},"modified":"2019-06-12T15:48:51","modified_gmt":"2019-06-12T13:48:51","slug":"sortida-al-delta-del-llobregat-6e","status":"publish","type":"post","link":"https:\/\/agora.xtec.cat\/escola-bernatmetgeelprat\/portada\/sortida-al-delta-del-llobregat-6e\/","title":{"rendered":"Sortida al Delta del Llobregat 6\u00e8"},"content":{"rendered":"<p>El dimarts 4 de juny els nens i nenes de la classe de 6\u00e8 van anar al visitar els espais naturals del Delta del Llobregat. All\u00e0 van fer una activitat de coneixement de la biodiversitat del delta organitzada per l&#8217;Ajuntament del Prat de Llobregat.<\/p>\n<p>A m\u00e9s vam aprofitar per aconseguir imatges dels espais naturals per un projecte que estem fent a classe mitjan\u00e7ant una Webquest en la que el producte final ser\u00e0 l&#8217;elaboraci\u00f3 d&#8217;un v\u00eddeo sobre el delta.<\/p>\n<p><a href=\"https:\/\/photos.app.goo.gl\/UL15z6NtMExYT39M6\" target=\"_blank\" rel=\"noopener noreferrer\"><img loading=\"lazy\" decoding=\"async\" class=\"aligncenter size-full wp-image-11382\" src=\"https:\/\/agora.xtec.cat\/escola-bernatmetgeelprat\/wp-content\/uploads\/usu186\/2019\/06\/IMG_3585.jpg\" alt=\"\" width=\"811\" height=\"608\" srcset=\"https:\/\/agora.xtec.cat\/escola-bernatmetgeelprat\/wp-content\/uploads\/usu186\/2019\/06\/IMG_3585.jpg 811w, https:\/\/agora.xtec.cat\/escola-bernatmetgeelprat\/wp-content\/uploads\/usu186\/2019\/06\/IMG_3585-300x225.jpg 300w, https:\/\/agora.xtec.cat\/escola-bernatmetgeelprat\/wp-content\/uploads\/usu186\/2019\/06\/IMG_3585-768x576.jpg 768w, https:\/\/agora.xtec.cat\/escola-bernatmetgeelprat\/wp-content\/uploads\/usu186\/2019\/06\/IMG_3585-200x150.jpg 200w\" sizes=\"auto, (max-width: 811px) 100vw, 811px\" \/><\/a><\/p>\n<p>Clicant a la imatge podreu accedir a l\u2019\u00e0lbum de fotografies.<\/p>\n<p>(Av\u00eds: La publicaci\u00f3 d\u2019imatges de l\u2019alumnat de l\u2019escola correspon \u00fanicament a la pr\u00f2pia escola. Per tant, \u00e9s prohibida la difusi\u00f3 o manipulaci\u00f3 en d\u2019altres espais p\u00fablics. Llei org\u00e0nica 1\/1982 de 5 de maig sobre el dret a l\u2019honor, a la pr\u00f2pia intimitat i la pr\u00f2pia imatge.)<\/p>\n","protected":false},"excerpt":{"rendered":"<p>El dimarts 4 de juny els nens i nenes de la classe de 6\u00e8 van anar al visitar els espais naturals del Delta del Llobregat. All\u00e0 van fer una activitat de coneixement de la biodiversitat del delta organitzada per l&#8217;Ajuntament del Prat de Llobregat.<br \/>\nA m\u00e9s&hellip;  <a href=\"https:\/\/agora.xtec.cat\/escola-bernatmetgeelprat\/portada\/sortida-al-delta-del-llobregat-6e\/\" title=\"Read Sortida al Delta del Llobregat 6\u00e8\">Llegeix m\u00e9s\u00bb<\/a><\/p>\n","protected":false},"author":1,"featured_media":11382,"comment_status":"open","ping_status":"closed","sticky":false,"template":"","format":"standard","meta":{"_bbp_topic_count":0,"_bbp_reply_count":0,"_bbp_total_topic_count":0,"_bbp_total_reply_count":0,"_bbp_voice_count":0,"_bbp_anonymous_reply_count":0,"_bbp_topic_count_hidden":0,"_bbp_reply_count_hidden":0,"_bbp_forum_subforum_count":0,"footnotes":""},"categories":[15,27,4,30,68],"tags":[],"class_list":["post-11381","post","type-post","status-publish","format-standard","has-post-thumbnail","hentry","category-6e","category-cicle-superior","category-portada","category-projectes","category-xarxa-competencies-basiques"],"post_mailing_queue_ids":[],"_links":{"self":[{"href":"https:\/\/agora.xtec.cat\/escola-bernatmetgeelprat\/wp-json\/wp\/v2\/posts\/11381","targetHints":{"allow":["GET"]}}],"collection":[{"href":"https:\/\/agora.xtec.cat\/escola-bernatmetgeelprat\/wp-json\/wp\/v2\/posts"}],"about":[{"href":"https:\/\/agora.xtec.cat\/escola-bernatmetgeelprat\/wp-json\/wp\/v2\/types\/post"}],"author":[{"embeddable":true,"href":"https:\/\/agora.xtec.cat\/escola-bernatmetgeelprat\/wp-json\/wp\/v2\/users\/1"}],"replies":[{"embeddable":true,"href":"https:\/\/agora.xtec.cat\/escola-bernatmetgeelprat\/wp-json\/wp\/v2\/comments?post=11381"}],"version-history":[{"count":3,"href":"https:\/\/agora.xtec.cat\/escola-bernatmetgeelprat\/wp-json\/wp\/v2\/posts\/11381\/revisions"}],"predecessor-version":[{"id":11385,"href":"https:\/\/agora.xtec.cat\/escola-bernatmetgeelprat\/wp-json\/wp\/v2\/posts\/11381\/revisions\/11385"}],"wp:featuredmedia":[{"embeddable":true,"href":"https:\/\/agora.xtec.cat\/escola-bernatmetgeelprat\/wp-json\/wp\/v2\/media\/11382"}],"wp:attachment":[{"href":"https:\/\/agora.xtec.cat\/escola-bernatmetgeelprat\/wp-json\/wp\/v2\/media?parent=11381"}],"wp:term":[{"taxonomy":"category","embeddable":true,"href":"https:\/\/agora.xtec.cat\/escola-bernatmetgeelprat\/wp-json\/wp\/v2\/categories?post=11381"},{"taxonomy":"post_tag","embeddable":true,"href":"https:\/\/agora.xtec.cat\/escola-bernatmetgeelprat\/wp-json\/wp\/v2\/tags?post=11381"}],"curies":[{"name":"wp","href":"https:\/\/api.w.org\/{rel}","templated":true}]}}