{"id":11180,"date":"2019-05-13T09:09:55","date_gmt":"2019-05-13T07:09:55","guid":{"rendered":"http:\/\/agora.xtec.cat\/escola-bernatmetgeelprat\/?p=11180"},"modified":"2019-05-13T09:21:54","modified_gmt":"2019-05-13T07:21:54","slug":"arts-crafts-2n-trimestre-cicle-mitja","status":"publish","type":"post","link":"https:\/\/agora.xtec.cat\/escola-bernatmetgeelprat\/general\/arts-crafts-2n-trimestre-cicle-mitja\/","title":{"rendered":"Arts &#038; Crafts \/ 2n Trimestre \/ Cicle Mitj\u00e0"},"content":{"rendered":"<p>Dear families!<\/p>\n<p>This second term pupils from 3rd and 4th grade have been working a lot, As you can see in the pictures they have been making draws about different things like for example; the season of the year, specially the winter, primary, secondary and tertiary colours, the pointillism technique, the art of Joan Mir\u00f3, geometric shapes, cold and warm colours, and also, we have been studying the novel of William Shakespeare,\u00a0Romeo and Juliet to create a draw and celebrate &#8220;Els jocs florals&#8221; of Saint George.<\/p>\n<p>Hola families!<\/p>\n<p>Aquest \u00faltim trimestre els alumnes de cicle mitj\u00e0 han treballat molt en Arts and Crafts. Com podeu veure en les imatges hem estat estudiant i fent reproduccions de les estacions de l&#8217;any, concretament de l&#8217;hivern, dels colors primaris, secundaris i terciaris, dels colors c\u00e0lids i freds, de la t\u00e8cnica del puntillisme, de les figures geom\u00e8triques, de l&#8217;art de Joan Mir\u00f3, i tamb\u00e9 hem estat treballant la novel\u00b7la de William Shakespeare; Romeo i Julieta per a fer un dibuix relacionat amb la hist\u00f2ria, i participar en els jocs florals de Sant Jordi.<\/p>\n<p><a href=\"https:\/\/photos.app.goo.gl\/J3dneN4f3vCzhz6N7\"><img loading=\"lazy\" decoding=\"async\" class=\"wp-image-11191 aligncenter\" src=\"https:\/\/agora.xtec.cat\/escola-bernatmetgeelprat\/wp-content\/uploads\/usu186\/2019\/05\/IMG_20190509_170628-9.jpg\" alt=\"\" width=\"436\" height=\"327\" srcset=\"https:\/\/agora.xtec.cat\/escola-bernatmetgeelprat\/wp-content\/uploads\/usu186\/2019\/05\/IMG_20190509_170628-9.jpg 991w, https:\/\/agora.xtec.cat\/escola-bernatmetgeelprat\/wp-content\/uploads\/usu186\/2019\/05\/IMG_20190509_170628-9-300x225.jpg 300w, https:\/\/agora.xtec.cat\/escola-bernatmetgeelprat\/wp-content\/uploads\/usu186\/2019\/05\/IMG_20190509_170628-9-768x576.jpg 768w, https:\/\/agora.xtec.cat\/escola-bernatmetgeelprat\/wp-content\/uploads\/usu186\/2019\/05\/IMG_20190509_170628-9-200x150.jpg 200w\" sizes=\"auto, (max-width: 436px) 100vw, 436px\" \/><\/a><\/p>\n<p>&nbsp;<\/p>\n<p>&nbsp;<\/p>\n<p>&nbsp;<\/p>\n","protected":false},"excerpt":{"rendered":"<p>Dear families!<br \/>\nThis second term pupils from 3rd and 4th grade have been working a lot, As you can see in the pictures they have been making draws about different things like for example; the season of the year, specially the winter, primary, secondary and tertiary&hellip;  <a href=\"https:\/\/agora.xtec.cat\/escola-bernatmetgeelprat\/general\/arts-crafts-2n-trimestre-cicle-mitja\/\" title=\"Read Arts &#038; Crafts \/ 2n Trimestre \/ Cicle Mitj\u00e0\">Llegeix m\u00e9s\u00bb<\/a><\/p>\n","protected":false},"author":1,"featured_media":11191,"comment_status":"open","ping_status":"closed","sticky":false,"template":"","format":"standard","meta":{"_bbp_topic_count":0,"_bbp_reply_count":0,"_bbp_total_topic_count":0,"_bbp_total_reply_count":0,"_bbp_voice_count":0,"_bbp_anonymous_reply_count":0,"_bbp_topic_count_hidden":0,"_bbp_reply_count_hidden":0,"_bbp_forum_subforum_count":0,"footnotes":""},"categories":[12,13,26,21,62,1,4,5],"tags":[],"class_list":["post-11180","post","type-post","status-publish","format-standard","has-post-thumbnail","hentry","category-3r","category-4t","category-cicle-mitja","category-cicles","category-escola-plurilingue-gep","category-general","category-portada","category-primaria"],"post_mailing_queue_ids":[],"_links":{"self":[{"href":"https:\/\/agora.xtec.cat\/escola-bernatmetgeelprat\/wp-json\/wp\/v2\/posts\/11180","targetHints":{"allow":["GET"]}}],"collection":[{"href":"https:\/\/agora.xtec.cat\/escola-bernatmetgeelprat\/wp-json\/wp\/v2\/posts"}],"about":[{"href":"https:\/\/agora.xtec.cat\/escola-bernatmetgeelprat\/wp-json\/wp\/v2\/types\/post"}],"author":[{"embeddable":true,"href":"https:\/\/agora.xtec.cat\/escola-bernatmetgeelprat\/wp-json\/wp\/v2\/users\/1"}],"replies":[{"embeddable":true,"href":"https:\/\/agora.xtec.cat\/escola-bernatmetgeelprat\/wp-json\/wp\/v2\/comments?post=11180"}],"version-history":[{"count":3,"href":"https:\/\/agora.xtec.cat\/escola-bernatmetgeelprat\/wp-json\/wp\/v2\/posts\/11180\/revisions"}],"predecessor-version":[{"id":11208,"href":"https:\/\/agora.xtec.cat\/escola-bernatmetgeelprat\/wp-json\/wp\/v2\/posts\/11180\/revisions\/11208"}],"wp:featuredmedia":[{"embeddable":true,"href":"https:\/\/agora.xtec.cat\/escola-bernatmetgeelprat\/wp-json\/wp\/v2\/media\/11191"}],"wp:attachment":[{"href":"https:\/\/agora.xtec.cat\/escola-bernatmetgeelprat\/wp-json\/wp\/v2\/media?parent=11180"}],"wp:term":[{"taxonomy":"category","embeddable":true,"href":"https:\/\/agora.xtec.cat\/escola-bernatmetgeelprat\/wp-json\/wp\/v2\/categories?post=11180"},{"taxonomy":"post_tag","embeddable":true,"href":"https:\/\/agora.xtec.cat\/escola-bernatmetgeelprat\/wp-json\/wp\/v2\/tags?post=11180"}],"curies":[{"name":"wp","href":"https:\/\/api.w.org\/{rel}","templated":true}]}}