{"id":11115,"date":"2019-04-25T12:06:34","date_gmt":"2019-04-25T10:06:34","guid":{"rendered":"http:\/\/agora.xtec.cat\/escola-bernatmetgeelprat\/?p=11115"},"modified":"2019-04-25T12:06:34","modified_gmt":"2019-04-25T10:06:34","slug":"els-contes-per-la-radio-de-4t","status":"publish","type":"post","link":"https:\/\/agora.xtec.cat\/escola-bernatmetgeelprat\/general\/els-contes-per-la-radio-de-4t\/","title":{"rendered":"Els Contes per la R\u00e0dio de 4t"},"content":{"rendered":"<p style=\"text-align: justify;\">Els nens i nenes de 4t vam participar a l&#8217;activitat de Contes per la R\u00e0dio, on a m\u00e9s de visitar la R\u00e0dio de la nostra localitat vam fer la gravaci\u00f3 d&#8217;uns contes de la nostra pr\u00f2pia creaci\u00f3.<\/p>\n<p style=\"text-align: justify;\">El proper dijous 25 d&#8217;abril els podreu escoltar a l&#8217;emissora 91.6 FM a\u00a0partir de les 15:00.<\/p>\n<p style=\"text-align: justify;\">Si cliqueu a la imatge us redirigir\u00e0 a El Prat R\u00e0dio Online<\/p>\n<p style=\"text-align: justify;\"><a href=\"https:\/\/emisora.org.es\/el-prat\/\"><br \/>\n<img loading=\"lazy\" decoding=\"async\" class=\"aligncenter size-full wp-image-11116\" src=\"https:\/\/agora.xtec.cat\/escola-bernatmetgeelprat\/wp-content\/uploads\/usu186\/2019\/04\/39f49a9445cd3b5750c20ae95fd0de44.png\" alt=\"\" width=\"256\" height=\"256\" srcset=\"https:\/\/agora.xtec.cat\/escola-bernatmetgeelprat\/wp-content\/uploads\/usu186\/2019\/04\/39f49a9445cd3b5750c20ae95fd0de44.png 256w, https:\/\/agora.xtec.cat\/escola-bernatmetgeelprat\/wp-content\/uploads\/usu186\/2019\/04\/39f49a9445cd3b5750c20ae95fd0de44-150x150.png 150w\" sizes=\"auto, (max-width: 256px) 100vw, 256px\" \/><\/a><\/p>\n<p>&nbsp;<\/p>\n","protected":false},"excerpt":{"rendered":"<p>Els nens i nenes de 4t vam participar a l&#8217;activitat de Contes per la R\u00e0dio, on a m\u00e9s de visitar la R\u00e0dio de la nostra localitat vam fer la gravaci\u00f3 d&#8217;uns contes de la nostra pr\u00f2pia creaci\u00f3.<br \/>\nEl proper dijous 25 d&#8217;abril els podreu escoltar a&hellip;  <a href=\"https:\/\/agora.xtec.cat\/escola-bernatmetgeelprat\/general\/els-contes-per-la-radio-de-4t\/\" title=\"Read Els Contes per la R\u00e0dio de 4t\">Llegeix m\u00e9s\u00bb<\/a><\/p>\n","protected":false},"author":1,"featured_media":11116,"comment_status":"open","ping_status":"closed","sticky":false,"template":"","format":"standard","meta":{"_bbp_topic_count":0,"_bbp_reply_count":0,"_bbp_total_topic_count":0,"_bbp_total_reply_count":0,"_bbp_voice_count":0,"_bbp_anonymous_reply_count":0,"_bbp_topic_count_hidden":0,"_bbp_reply_count_hidden":0,"_bbp_forum_subforum_count":0,"footnotes":""},"categories":[13,26,21,1,4,5],"tags":[],"class_list":["post-11115","post","type-post","status-publish","format-standard","has-post-thumbnail","hentry","category-4t","category-cicle-mitja","category-cicles","category-general","category-portada","category-primaria"],"post_mailing_queue_ids":[],"_links":{"self":[{"href":"https:\/\/agora.xtec.cat\/escola-bernatmetgeelprat\/wp-json\/wp\/v2\/posts\/11115","targetHints":{"allow":["GET"]}}],"collection":[{"href":"https:\/\/agora.xtec.cat\/escola-bernatmetgeelprat\/wp-json\/wp\/v2\/posts"}],"about":[{"href":"https:\/\/agora.xtec.cat\/escola-bernatmetgeelprat\/wp-json\/wp\/v2\/types\/post"}],"author":[{"embeddable":true,"href":"https:\/\/agora.xtec.cat\/escola-bernatmetgeelprat\/wp-json\/wp\/v2\/users\/1"}],"replies":[{"embeddable":true,"href":"https:\/\/agora.xtec.cat\/escola-bernatmetgeelprat\/wp-json\/wp\/v2\/comments?post=11115"}],"version-history":[{"count":2,"href":"https:\/\/agora.xtec.cat\/escola-bernatmetgeelprat\/wp-json\/wp\/v2\/posts\/11115\/revisions"}],"predecessor-version":[{"id":11118,"href":"https:\/\/agora.xtec.cat\/escola-bernatmetgeelprat\/wp-json\/wp\/v2\/posts\/11115\/revisions\/11118"}],"wp:featuredmedia":[{"embeddable":true,"href":"https:\/\/agora.xtec.cat\/escola-bernatmetgeelprat\/wp-json\/wp\/v2\/media\/11116"}],"wp:attachment":[{"href":"https:\/\/agora.xtec.cat\/escola-bernatmetgeelprat\/wp-json\/wp\/v2\/media?parent=11115"}],"wp:term":[{"taxonomy":"category","embeddable":true,"href":"https:\/\/agora.xtec.cat\/escola-bernatmetgeelprat\/wp-json\/wp\/v2\/categories?post=11115"},{"taxonomy":"post_tag","embeddable":true,"href":"https:\/\/agora.xtec.cat\/escola-bernatmetgeelprat\/wp-json\/wp\/v2\/tags?post=11115"}],"curies":[{"name":"wp","href":"https:\/\/api.w.org\/{rel}","templated":true}]}}