{"id":10901,"date":"2019-03-22T17:06:22","date_gmt":"2019-03-22T16:06:22","guid":{"rendered":"http:\/\/agora.xtec.cat\/escola-bernatmetgeelprat\/?p=10901"},"modified":"2019-03-22T17:07:57","modified_gmt":"2019-03-22T16:07:57","slug":"dents-netes-dents-sanes-a-p4","status":"publish","type":"post","link":"https:\/\/agora.xtec.cat\/escola-bernatmetgeelprat\/infantil\/dents-netes-dents-sanes-a-p4\/","title":{"rendered":"Dents netes, dents sanes a P3, P4 i P5"},"content":{"rendered":"<p>Als nens i nenes d&#8217;Educaci\u00f3 Infantil ens ha visitat una dentista per fer-nos una xerrada sobre la import\u00e0ncia de netejar b\u00e9 les dents.<\/p>\n<p>Per aconseguir-ho, hem de netejar-nos les dents despr\u00e9s de cada menjar tot fent rodonetes. Tot dedicant el temps que dura una can\u00e7\u00f3 (uns dos o tres minuts).Tamb\u00e9 \u00e9s molt important que ens enrecordem de netejar la llengua.<\/p>\n<p>Hem d&#8217;anar amb compte i menjar pocs sucres i llaminadures. Aix\u00ed aconseguirem unes dents molt sanes.<\/p>\n<p><a href=\"https:\/\/photos.app.goo.gl\/j6nrwGTDxLA4G5ti7\" target=\"_blank\" rel=\"noopener\"><img loading=\"lazy\" decoding=\"async\" class=\"aligncenter size-full wp-image-10914\" src=\"https:\/\/agora.xtec.cat\/escola-bernatmetgeelprat\/wp-content\/uploads\/usu186\/2019\/03\/IMG_2022.jpg\" alt=\"\" width=\"811\" height=\"608\" srcset=\"https:\/\/agora.xtec.cat\/escola-bernatmetgeelprat\/wp-content\/uploads\/usu186\/2019\/03\/IMG_2022.jpg 811w, https:\/\/agora.xtec.cat\/escola-bernatmetgeelprat\/wp-content\/uploads\/usu186\/2019\/03\/IMG_2022-300x225.jpg 300w, https:\/\/agora.xtec.cat\/escola-bernatmetgeelprat\/wp-content\/uploads\/usu186\/2019\/03\/IMG_2022-768x576.jpg 768w, https:\/\/agora.xtec.cat\/escola-bernatmetgeelprat\/wp-content\/uploads\/usu186\/2019\/03\/IMG_2022-200x150.jpg 200w\" sizes=\"auto, (max-width: 811px) 100vw, 811px\" \/><\/a><\/p>\n<p>Clicant a la imatge podreu accedir a l\u2019\u00e0lbum de fotografies.<\/p>\n<p>(Av\u00eds: La publicaci\u00f3 d\u2019imatges de l\u2019alumnat de l\u2019escola correspon \u00fanicament a la pr\u00f2pia escola. Per tant, \u00e9s prohibida la difusi\u00f3 o manipulaci\u00f3 en d\u2019altres espais p\u00fablics. Llei org\u00e0nica 1\/1982 de 5 de maig sobre el dret a l\u2019honor, a la pr\u00f2pia intimitat i la pr\u00f2pia imatge.)<\/p>\n","protected":false},"excerpt":{"rendered":"<p>Als nens i nenes d&#8217;Educaci\u00f3 Infantil ens ha visitat una dentista per fer-nos una xerrada sobre la import\u00e0ncia de netejar b\u00e9 les dents.<br \/>\nPer aconseguir-ho, hem de netejar-nos les dents despr\u00e9s de cada menjar tot fent rodonetes. Tot dedicant el temps que dura una can\u00e7\u00f3 (uns&hellip;  <a href=\"https:\/\/agora.xtec.cat\/escola-bernatmetgeelprat\/infantil\/dents-netes-dents-sanes-a-p4\/\" title=\"Read Dents netes, dents sanes a P3, P4 i P5\">Llegeix m\u00e9s\u00bb<\/a><\/p>\n","protected":false},"author":1,"featured_media":10908,"comment_status":"open","ping_status":"closed","sticky":false,"template":"","format":"standard","meta":{"_bbp_topic_count":0,"_bbp_reply_count":0,"_bbp_total_topic_count":0,"_bbp_total_reply_count":0,"_bbp_voice_count":0,"_bbp_anonymous_reply_count":0,"_bbp_topic_count_hidden":0,"_bbp_reply_count_hidden":0,"_bbp_forum_subforum_count":0,"footnotes":""},"categories":[3,8,9,2,4],"tags":[],"class_list":["post-10901","post","type-post","status-publish","format-standard","has-post-thumbnail","hentry","category-i3","category-i4","category-i5","category-infantil","category-portada"],"post_mailing_queue_ids":[],"_links":{"self":[{"href":"https:\/\/agora.xtec.cat\/escola-bernatmetgeelprat\/wp-json\/wp\/v2\/posts\/10901","targetHints":{"allow":["GET"]}}],"collection":[{"href":"https:\/\/agora.xtec.cat\/escola-bernatmetgeelprat\/wp-json\/wp\/v2\/posts"}],"about":[{"href":"https:\/\/agora.xtec.cat\/escola-bernatmetgeelprat\/wp-json\/wp\/v2\/types\/post"}],"author":[{"embeddable":true,"href":"https:\/\/agora.xtec.cat\/escola-bernatmetgeelprat\/wp-json\/wp\/v2\/users\/1"}],"replies":[{"embeddable":true,"href":"https:\/\/agora.xtec.cat\/escola-bernatmetgeelprat\/wp-json\/wp\/v2\/comments?post=10901"}],"version-history":[{"count":3,"href":"https:\/\/agora.xtec.cat\/escola-bernatmetgeelprat\/wp-json\/wp\/v2\/posts\/10901\/revisions"}],"predecessor-version":[{"id":10917,"href":"https:\/\/agora.xtec.cat\/escola-bernatmetgeelprat\/wp-json\/wp\/v2\/posts\/10901\/revisions\/10917"}],"wp:featuredmedia":[{"embeddable":true,"href":"https:\/\/agora.xtec.cat\/escola-bernatmetgeelprat\/wp-json\/wp\/v2\/media\/10908"}],"wp:attachment":[{"href":"https:\/\/agora.xtec.cat\/escola-bernatmetgeelprat\/wp-json\/wp\/v2\/media?parent=10901"}],"wp:term":[{"taxonomy":"category","embeddable":true,"href":"https:\/\/agora.xtec.cat\/escola-bernatmetgeelprat\/wp-json\/wp\/v2\/categories?post=10901"},{"taxonomy":"post_tag","embeddable":true,"href":"https:\/\/agora.xtec.cat\/escola-bernatmetgeelprat\/wp-json\/wp\/v2\/tags?post=10901"}],"curies":[{"name":"wp","href":"https:\/\/api.w.org\/{rel}","templated":true}]}}