{"id":10847,"date":"2019-03-08T17:14:42","date_gmt":"2019-03-08T16:14:42","guid":{"rendered":"http:\/\/agora.xtec.cat\/escola-bernatmetgeelprat\/?p=10847"},"modified":"2019-03-08T17:14:42","modified_gmt":"2019-03-08T16:14:42","slug":"joan-miro-arts-crafts-en-cicle-mitja","status":"publish","type":"post","link":"https:\/\/agora.xtec.cat\/escola-bernatmetgeelprat\/infantil\/joan-miro-arts-crafts-en-cicle-mitja\/","title":{"rendered":"Joan Mir\u00f3 Arts &#038; Crafts en Cicle Mitj\u00e0"},"content":{"rendered":"<p>Aquest trimestre en Arts and Crafts hem estat estudiant la vida de Joan Mir\u00f3 i les seves creacions. Despr\u00e9s hem pintat algunes d&#8217;elles, amb els colors que ell m\u00e9s utilitzava.<\/p>\n<p>Tamb\u00e9 hem estudiat la classificaci\u00f3 dels colors (primaris, secundaris i terciaris) i el resultat d&#8217;aquests quan es barregen. En les imatges podeu veure el resultat del que hem fet. Ha quedat b\u00e9, veritat..?<\/p>\n<p>This term in Arts and Crafts we have been studying the biography of Joan Mir\u00f3 and all his paintings. Later, we have been colouring some of them, using the colours that he most used.<\/p>\n<p>We also studied the classification of the colours and the result of mixing them (primary, secundary and tertiary). In the pictures you can visualize our final work! It&#8217;s great, isn&#8217;t it..?<\/p>\n<p><img decoding=\"async\" src=\"https:\/\/lh3.googleusercontent.com\/_2a3QweGVbEI9pz3G6yIng7-m-BGX8HEB92jAxMvB9XuS6VLfI5Vvd4pug2kBaRj61FLC4TX5XEGC3o38nxY-xYGMXFyGMf1qG1RwIvkIjBS06heoy6yr7lCBKrSysTxbHW3u5MYVqfUZXfYAPyLj3s_5LSbFMpADweaArUmZGbZqJk4zd9L2ac_45f80SHDI8rXOpKjtgJHneaaklc2aGI4d3OiPkWok70dHzbYlyThB_m7TncAed7tKA1Wwn0DtKTWvcoHBQOejmKtYyp2povl31cA00H3EuckcOIr_O_mYjIftd3qiitNepiEoEuXKR8j6Sx31rLgtJK6LPsmx0rXZbuQ1HhU7Ce7IlFr4shkTvh8XjUzGPfT43rejo4CL9kgmnFmtpcnwmcoVELgf4SbWKS3FYS2-ju7KxBr0R69lYzJ_zm7iYMuOs8UphToK615TTTJFMp-eUUmmJVG52CAY7wBHIQTwsJcLi_Ebi7iRgR3n2XTVZ6JxhXQ5ImlN4ubXwWKDJgVR4Kbo05ns8EzdLqactN_ogX-OpM7vYeDahfhMgOKCJsAXckmWx3YDj0QNSB8vrEAg8JRg9MwhNQFRxfnixWA16yu6Ix3gYYsyzpBrB3rgBa46ZdqHQcdcIq7wKzl0sNezCGqAdzEMY6FnUheKiACr-4r9ipaV0js4cEcj4uwLCb_R7IhAhmMwpSpKoBLnm9qT_Q9-_wTVhBt=w768-h576-no\" \/><\/p>\n<p><img decoding=\"async\" src=\"https:\/\/lh3.googleusercontent.com\/HJKsV5nFBa6zUH6MBPZYXRBOIQozec8S2JmCFAjnYIoi7PvYn5ajiqTWNOYrtudDjpJ22S3PD65mvRHD6Q9AUO7zHGfp25Te_STpw8dSo5jDph0FQCw56pU2m4ilFZrjBTo584bJlgRy5lfHvciVkcsHjRIL0U8OElPVJZYCqO6pqnS2QDqOR7GXZ-59FBkewkVOe7yz5rGH63ZWYQtmfYahGvmPl1zUhSPvhN59xe_l25TLvPo6s_e3opmDeQJ51_PRFE2Aj3poIA3NCHJW6C8lPEMHDEkRSgfuTmkY8wxBqeRwlwNfwTlViCBhKVOaBuHQ5JTe5EYxIZchoGUk1RNIulG3HqEe89aAPeHCiNzE6J0GLyVajaUTz5mSzcNvQE6Rz1EZfpWjYeDNnqUS28NJIRrbBKvePlN-H2tJtu69UlvBXTgD8BhInxMhwkyvwgQZGlefvYr6ncy8PSHPjA5yyziNU6GylXmIhKMgdAr___DhVGMvXjO2jnkaHn07BkMmsLg70Cdv9mwSYY2khwyQLGLPxhloZky8vgYQSUaCB5c5RKzUpn6GRBcQx3E9AMhfhCqhQWxQD3szOAPrmvBqUsHIhsrGlU0xJefVUFU5PEY-jIowfRRyTbq9B2H4oXOfePHBsh2w0I5gBiuKw2uMYRt0bDHE4JZGG8s5ZENwG0jSfhGRj9PhFHKNbN45eiWq_ZOBhIO5NuIGUkvIOytm=w768-h576-no\" \/><\/p>\n","protected":false},"excerpt":{"rendered":"<p>Aquest trimestre en Arts and Crafts hem estat estudiant la vida de Joan Mir\u00f3 i les seves creacions. Despr\u00e9s hem pintat algunes d&#8217;elles, amb els colors que ell m\u00e9s utilitzava. Tamb\u00e9 hem estudiat la classificaci\u00f3 dels colors (primaris, secundaris i terciaris) i el resultat d&#8217;aquests quan es barregen. En les imatges podeu veure el resultat [&hellip;]<\/p>\n","protected":false},"author":1,"featured_media":0,"comment_status":"open","ping_status":"closed","sticky":false,"template":"","format":"standard","meta":{"_bbp_topic_count":0,"_bbp_reply_count":0,"_bbp_total_topic_count":0,"_bbp_total_reply_count":0,"_bbp_voice_count":0,"_bbp_anonymous_reply_count":0,"_bbp_topic_count_hidden":0,"_bbp_reply_count_hidden":0,"_bbp_forum_subforum_count":0,"site-sidebar-layout":"default","site-content-layout":"","ast-site-content-layout":"","site-content-style":"default","site-sidebar-style":"default","ast-global-header-display":"","ast-banner-title-visibility":"","ast-main-header-display":"","ast-hfb-above-header-display":"","ast-hfb-below-header-display":"","ast-hfb-mobile-header-display":"","site-post-title":"","ast-breadcrumbs-content":"","ast-featured-img":"","footer-sml-layout":"","theme-transparent-header-meta":"","adv-header-id-meta":"","stick-header-meta":"","header-above-stick-meta":"","header-main-stick-meta":"","header-below-stick-meta":"","astra-migrate-meta-layouts":"default","ast-page-background-enabled":"default","ast-page-background-meta":{"desktop":{"background-color":"var(--ast-global-color-4)","background-image":"","background-repeat":"repeat","background-position":"center center","background-size":"auto","background-attachment":"scroll","background-type":"","background-media":"","overlay-type":"","overlay-color":"","overlay-opacity":"","overlay-gradient":""},"tablet":{"background-color":"","background-image":"","background-repeat":"repeat","background-position":"center center","background-size":"auto","background-attachment":"scroll","background-type":"","background-media":"","overlay-type":"","overlay-color":"","overlay-opacity":"","overlay-gradient":""},"mobile":{"background-color":"","background-image":"","background-repeat":"repeat","background-position":"center center","background-size":"auto","background-attachment":"scroll","background-type":"","background-media":"","overlay-type":"","overlay-color":"","overlay-opacity":"","overlay-gradient":""}},"ast-content-background-meta":{"desktop":{"background-color":"var(--ast-global-color-5)","background-image":"","background-repeat":"repeat","background-position":"center center","background-size":"auto","background-attachment":"scroll","background-type":"","background-media":"","overlay-type":"","overlay-color":"","overlay-opacity":"","overlay-gradient":""},"tablet":{"background-color":"var(--ast-global-color-5)","background-image":"","background-repeat":"repeat","background-position":"center center","background-size":"auto","background-attachment":"scroll","background-type":"","background-media":"","overlay-type":"","overlay-color":"","overlay-opacity":"","overlay-gradient":""},"mobile":{"background-color":"var(--ast-global-color-5)","background-image":"","background-repeat":"repeat","background-position":"center center","background-size":"auto","background-attachment":"scroll","background-type":"","background-media":"","overlay-type":"","overlay-color":"","overlay-opacity":"","overlay-gradient":""}},"footnotes":""},"categories":[12,13,25,26,27,21,62,2,4,5],"tags":[],"class_list":["post-10847","post","type-post","status-publish","format-standard","hentry","category-3r","category-4t","category-cicle-inicial","category-cicle-mitja","category-cicle-superior","category-cicles","category-escola-plurilingue-gep","category-infantil","category-portada","category-primaria"],"post_mailing_queue_ids":[],"_links":{"self":[{"href":"https:\/\/agora.xtec.cat\/escola-bernatmetgeelprat\/wp-json\/wp\/v2\/posts\/10847","targetHints":{"allow":["GET"]}}],"collection":[{"href":"https:\/\/agora.xtec.cat\/escola-bernatmetgeelprat\/wp-json\/wp\/v2\/posts"}],"about":[{"href":"https:\/\/agora.xtec.cat\/escola-bernatmetgeelprat\/wp-json\/wp\/v2\/types\/post"}],"author":[{"embeddable":true,"href":"https:\/\/agora.xtec.cat\/escola-bernatmetgeelprat\/wp-json\/wp\/v2\/users\/1"}],"replies":[{"embeddable":true,"href":"https:\/\/agora.xtec.cat\/escola-bernatmetgeelprat\/wp-json\/wp\/v2\/comments?post=10847"}],"version-history":[{"count":3,"href":"https:\/\/agora.xtec.cat\/escola-bernatmetgeelprat\/wp-json\/wp\/v2\/posts\/10847\/revisions"}],"predecessor-version":[{"id":10853,"href":"https:\/\/agora.xtec.cat\/escola-bernatmetgeelprat\/wp-json\/wp\/v2\/posts\/10847\/revisions\/10853"}],"wp:attachment":[{"href":"https:\/\/agora.xtec.cat\/escola-bernatmetgeelprat\/wp-json\/wp\/v2\/media?parent=10847"}],"wp:term":[{"taxonomy":"category","embeddable":true,"href":"https:\/\/agora.xtec.cat\/escola-bernatmetgeelprat\/wp-json\/wp\/v2\/categories?post=10847"},{"taxonomy":"post_tag","embeddable":true,"href":"https:\/\/agora.xtec.cat\/escola-bernatmetgeelprat\/wp-json\/wp\/v2\/tags?post=10847"}],"curies":[{"name":"wp","href":"https:\/\/api.w.org\/{rel}","templated":true}]}}