{"id":10644,"date":"2019-02-11T15:23:04","date_gmt":"2019-02-11T14:23:04","guid":{"rendered":"http:\/\/agora.xtec.cat\/escola-bernatmetgeelprat\/?p=10644"},"modified":"2022-02-16T10:47:10","modified_gmt":"2022-02-16T09:47:10","slug":"estudi-de-mercat-cooperativa-crazy-kids","status":"publish","type":"post","link":"https:\/\/agora.xtec.cat\/escola-bernatmetgeelprat\/general\/estudi-de-mercat-cooperativa-crazy-kids\/","title":{"rendered":"Estudi de Mercat cooperativa Crazy kids"},"content":{"rendered":"<p>Avui, a l\u00b4hora del pati, hem anat a fer un estudi de mercat amb tota la cooperativa. Hem anat a la pla\u00e7a Catalunya a preguntar a la gent la seva opini\u00f3, si l&#8217;agrada, quants diners pagarien i qu\u00e8 podien millorar dels prototips. Tenim moltes opinions tant d&#8217;adults com d&#8217;adolescents. Ha anat molt b\u00e9!<\/p>\n<p><a href=\"https:\/\/photos.app.goo.gl\/mKzhTXRqXw4s9xRLA\"><img loading=\"lazy\" decoding=\"async\" class=\"aligncenter size-medium wp-image-10648\" src=\"https:\/\/agora.xtec.cat\/escola-bernatmetgeelprat\/wp-content\/uploads\/usu186\/2019\/02\/IMG_0943-300x225.jpg\" alt=\"\" width=\"300\" height=\"225\" srcset=\"https:\/\/agora.xtec.cat\/escola-bernatmetgeelprat\/wp-content\/uploads\/usu186\/2019\/02\/IMG_0943-300x225.jpg 300w, https:\/\/agora.xtec.cat\/escola-bernatmetgeelprat\/wp-content\/uploads\/usu186\/2019\/02\/IMG_0943-200x150.jpg 200w, https:\/\/agora.xtec.cat\/escola-bernatmetgeelprat\/wp-content\/uploads\/usu186\/2019\/02\/IMG_0943.jpg 564w\" sizes=\"auto, (max-width: 300px) 100vw, 300px\" \/><\/a>Clicant a la imatge podreu accedir als v\u00eddeos de les exposicions.<\/p>\n<p>(Av\u00eds: La publicaci\u00f3 d\u2019imatges de l\u2019alumnat de l\u2019escola correspon \u00fanicament a la pr\u00f2pia escola. Per tant, \u00e9s prohibida la difusi\u00f3 o manipulaci\u00f3 en d\u2019altres espais p\u00fablics. Llei org\u00e0nica 1\/1982 de 5 de maig sobre el dret a l\u2019honor, a la pr\u00f2pia intimitat i la pr\u00f2pia imatge.)<\/p>\n","protected":false},"excerpt":{"rendered":"<p>Avui, a l\u00b4hora del pati, hem anat a fer un estudi de mercat amb tota la cooperativa. Hem anat a la pla\u00e7a Catalunya a preguntar a la gent la seva opini\u00f3, si l&#8217;agrada, quants diners pagarien i qu\u00e8 podien millorar dels prototips. Tenim moltes opinions&hellip;  <a href=\"https:\/\/agora.xtec.cat\/escola-bernatmetgeelprat\/general\/estudi-de-mercat-cooperativa-crazy-kids\/\" title=\"Read Estudi de Mercat cooperativa Crazy kids\">Llegeix m\u00e9s\u00bb<\/a><\/p>\n","protected":false},"author":1,"featured_media":0,"comment_status":"open","ping_status":"closed","sticky":false,"template":"","format":"standard","meta":{"_bbp_topic_count":0,"_bbp_reply_count":0,"_bbp_total_topic_count":0,"_bbp_total_reply_count":0,"_bbp_voice_count":0,"_bbp_anonymous_reply_count":0,"_bbp_topic_count_hidden":0,"_bbp_reply_count_hidden":0,"_bbp_forum_subforum_count":0,"footnotes":""},"categories":[14,56,1,30],"tags":[],"class_list":["post-10644","post","type-post","status-publish","format-standard","hentry","category-5e","category-25-cracks","category-general","category-projectes"],"post_mailing_queue_ids":[],"_links":{"self":[{"href":"https:\/\/agora.xtec.cat\/escola-bernatmetgeelprat\/wp-json\/wp\/v2\/posts\/10644","targetHints":{"allow":["GET"]}}],"collection":[{"href":"https:\/\/agora.xtec.cat\/escola-bernatmetgeelprat\/wp-json\/wp\/v2\/posts"}],"about":[{"href":"https:\/\/agora.xtec.cat\/escola-bernatmetgeelprat\/wp-json\/wp\/v2\/types\/post"}],"author":[{"embeddable":true,"href":"https:\/\/agora.xtec.cat\/escola-bernatmetgeelprat\/wp-json\/wp\/v2\/users\/1"}],"replies":[{"embeddable":true,"href":"https:\/\/agora.xtec.cat\/escola-bernatmetgeelprat\/wp-json\/wp\/v2\/comments?post=10644"}],"version-history":[{"count":3,"href":"https:\/\/agora.xtec.cat\/escola-bernatmetgeelprat\/wp-json\/wp\/v2\/posts\/10644\/revisions"}],"predecessor-version":[{"id":10651,"href":"https:\/\/agora.xtec.cat\/escola-bernatmetgeelprat\/wp-json\/wp\/v2\/posts\/10644\/revisions\/10651"}],"wp:attachment":[{"href":"https:\/\/agora.xtec.cat\/escola-bernatmetgeelprat\/wp-json\/wp\/v2\/media?parent=10644"}],"wp:term":[{"taxonomy":"category","embeddable":true,"href":"https:\/\/agora.xtec.cat\/escola-bernatmetgeelprat\/wp-json\/wp\/v2\/categories?post=10644"},{"taxonomy":"post_tag","embeddable":true,"href":"https:\/\/agora.xtec.cat\/escola-bernatmetgeelprat\/wp-json\/wp\/v2\/tags?post=10644"}],"curies":[{"name":"wp","href":"https:\/\/api.w.org\/{rel}","templated":true}]}}