{"id":10484,"date":"2018-12-18T15:44:28","date_gmt":"2018-12-18T14:44:28","guid":{"rendered":"http:\/\/agora.xtec.cat\/escola-bernatmetgeelprat\/?p=10484"},"modified":"2019-01-28T13:11:34","modified_gmt":"2019-01-28T12:11:34","slug":"visita-medusillos-4t","status":"publish","type":"post","link":"https:\/\/agora.xtec.cat\/escola-bernatmetgeelprat\/portada\/visita-medusillos-4t\/","title":{"rendered":"Visita Medusillos 4t"},"content":{"rendered":"<p>Com ja us hem anat explicant els nens i nenes de 4t estan realitzant un projecte anomenat &#8220;Missi\u00f3 estalviar aigua al Bernat Metge&#8221;. Aquest projecte est\u00e0 emmarcat en el programa Interseccions de l&#8217;Ajuntament del Prat de Llobregat.<\/p>\n<p>Els nens i nenes estan treballant com reduir el consum d&#8217;aigua a la nostra escola. Com a producte final del seu estudi els alumnes de 4t elaboraran un videojoc relacionat amb el projecte.<\/p>\n<p>Per crear el videojoc utilitzarem una aplicaci\u00f3 web anomenada &#8220;Scratch&#8221;. Aix\u00ed durant aquest primer trimestre i part del segon estarem aprenent a programar amb &#8220;Scratch&#8221;.<\/p>\n<p>Dins del programa Interseccions la nostra escola anir\u00e0 col\u00b7laborant amb altres centres per realitzar els nostres projectes. Per aix\u00f2 aquest dilluns 17 de desembre van venir a l&#8217;escola tres alumnes de l&#8217;Institut Baldiri Guilera que s&#8217;han posat el sobrenom de &#8220;Medusillos&#8221;. Aquests nois i noies de Secund\u00e0ria faran de periodistes. Aix\u00ed aniran publicant articles sobre els projectes que vagin visitant.<\/p>\n<p>D&#8217;aquesta manera van estar entrevistant als mestres, als nens i nenes del nostre centre i mirant com est\u00e0 avan\u00e7ant el projecte.<\/p>\n<p>Moltes gr\u00e0cies per la visita Medusillos!<\/p>\n<p><a href=\"https:\/\/photos.app.goo.gl\/WSWebx4QMWUJh4U98\" target=\"_blank\" rel=\"noopener\"><img loading=\"lazy\" decoding=\"async\" class=\"aligncenter size-full wp-image-10485\" src=\"https:\/\/agora.xtec.cat\/escola-bernatmetgeelprat\/wp-content\/uploads\/usu186\/2018\/12\/IMG_0282.jpg\" alt=\"\" width=\"3264\" height=\"2448\" srcset=\"https:\/\/agora.xtec.cat\/escola-bernatmetgeelprat\/wp-content\/uploads\/usu186\/2018\/12\/IMG_0282.jpg 3264w, https:\/\/agora.xtec.cat\/escola-bernatmetgeelprat\/wp-content\/uploads\/usu186\/2018\/12\/IMG_0282-300x225.jpg 300w, https:\/\/agora.xtec.cat\/escola-bernatmetgeelprat\/wp-content\/uploads\/usu186\/2018\/12\/IMG_0282-768x576.jpg 768w, https:\/\/agora.xtec.cat\/escola-bernatmetgeelprat\/wp-content\/uploads\/usu186\/2018\/12\/IMG_0282-1024x768.jpg 1024w, https:\/\/agora.xtec.cat\/escola-bernatmetgeelprat\/wp-content\/uploads\/usu186\/2018\/12\/IMG_0282-200x150.jpg 200w\" sizes=\"auto, (max-width: 3264px) 100vw, 3264px\" \/><\/a><\/p>\n<p>Clicant a la imatge podreu accedir a l\u2019\u00e0lbum de fotos.<\/p>\n<p>(Av\u00eds: La publicaci\u00f3 d\u2019imatges de l\u2019alumnat de l\u2019escola correspon \u00fanicament a la pr\u00f2pia escola. Per tant, \u00e9s prohibida la difusi\u00f3 o manipulaci\u00f3 en d\u2019altres espais p\u00fablics. Llei org\u00e0nica 1\/1982 de 5 de maig sobre el dret a l\u2019honor, a la pr\u00f2pia intimitat i la pr\u00f2pia imatge.)<\/p>\n","protected":false},"excerpt":{"rendered":"<p>Com ja us hem anat explicant els nens i nenes de 4t estan realitzant un projecte anomenat &#8220;Missi\u00f3 estalviar aigua al Bernat Metge&#8221;. Aquest projecte est\u00e0 emmarcat en el programa Interseccions de l&#8217;Ajuntament del Prat de Llobregat.<br \/>\nEls nens i nenes estan treballant com reduir el&hellip;  <a href=\"https:\/\/agora.xtec.cat\/escola-bernatmetgeelprat\/portada\/visita-medusillos-4t\/\" title=\"Read Visita Medusillos 4t\">Llegeix m\u00e9s\u00bb<\/a><\/p>\n","protected":false},"author":1,"featured_media":10485,"comment_status":"open","ping_status":"closed","sticky":false,"template":"","format":"standard","meta":{"_bbp_topic_count":0,"_bbp_reply_count":0,"_bbp_total_topic_count":0,"_bbp_total_reply_count":0,"_bbp_voice_count":0,"_bbp_anonymous_reply_count":0,"_bbp_topic_count_hidden":0,"_bbp_reply_count_hidden":0,"_bbp_forum_subforum_count":0,"footnotes":""},"categories":[13,26,63,4,30],"tags":[],"class_list":["post-10484","post","type-post","status-publish","format-standard","has-post-thumbnail","hentry","category-4t","category-cicle-mitja","category-interseccions","category-portada","category-projectes"],"post_mailing_queue_ids":[],"_links":{"self":[{"href":"https:\/\/agora.xtec.cat\/escola-bernatmetgeelprat\/wp-json\/wp\/v2\/posts\/10484","targetHints":{"allow":["GET"]}}],"collection":[{"href":"https:\/\/agora.xtec.cat\/escola-bernatmetgeelprat\/wp-json\/wp\/v2\/posts"}],"about":[{"href":"https:\/\/agora.xtec.cat\/escola-bernatmetgeelprat\/wp-json\/wp\/v2\/types\/post"}],"author":[{"embeddable":true,"href":"https:\/\/agora.xtec.cat\/escola-bernatmetgeelprat\/wp-json\/wp\/v2\/users\/1"}],"replies":[{"embeddable":true,"href":"https:\/\/agora.xtec.cat\/escola-bernatmetgeelprat\/wp-json\/wp\/v2\/comments?post=10484"}],"version-history":[{"count":2,"href":"https:\/\/agora.xtec.cat\/escola-bernatmetgeelprat\/wp-json\/wp\/v2\/posts\/10484\/revisions"}],"predecessor-version":[{"id":10487,"href":"https:\/\/agora.xtec.cat\/escola-bernatmetgeelprat\/wp-json\/wp\/v2\/posts\/10484\/revisions\/10487"}],"wp:featuredmedia":[{"embeddable":true,"href":"https:\/\/agora.xtec.cat\/escola-bernatmetgeelprat\/wp-json\/wp\/v2\/media\/10485"}],"wp:attachment":[{"href":"https:\/\/agora.xtec.cat\/escola-bernatmetgeelprat\/wp-json\/wp\/v2\/media?parent=10484"}],"wp:term":[{"taxonomy":"category","embeddable":true,"href":"https:\/\/agora.xtec.cat\/escola-bernatmetgeelprat\/wp-json\/wp\/v2\/categories?post=10484"},{"taxonomy":"post_tag","embeddable":true,"href":"https:\/\/agora.xtec.cat\/escola-bernatmetgeelprat\/wp-json\/wp\/v2\/tags?post=10484"}],"curies":[{"name":"wp","href":"https:\/\/api.w.org\/{rel}","templated":true}]}}