{"id":10343,"date":"2018-11-25T22:41:50","date_gmt":"2018-11-25T21:41:50","guid":{"rendered":"http:\/\/agora.xtec.cat\/escola-bernatmetgeelprat\/?p=10343"},"modified":"2022-02-16T10:48:03","modified_gmt":"2022-02-16T09:48:03","slug":"ja-sabem-com-fer-el-blog-de-la-cooperativa","status":"publish","type":"post","link":"https:\/\/agora.xtec.cat\/escola-bernatmetgeelprat\/general\/ja-sabem-com-fer-el-blog-de-la-cooperativa\/","title":{"rendered":"JA SABEM COM FER EL BLOG DE LA COOPERATIVA!!!!"},"content":{"rendered":"<p>El dilluns 12-11-18 a les 3 de la tarda va venir el Javi, que \u00e9s programador inform\u00e0tic, i ens va explicar com crear un blog, publicar not\u00edcies i editar.<\/p>\n<p>Ara ja podem afegir les not\u00edcies\u00a0 de la nostra cooperativa per explicar les coses interessants que anem fent.<\/p>\n<p>Moltes gr\u00e0cies Javi!!!<\/p>\n<p>Vegeu les fotos !!!<\/p>\n<p>&nbsp;<\/p>\n<p><a href=\"https:\/\/photos.app.goo.gl\/oK488o2LbA47Tp428\"><img loading=\"lazy\" decoding=\"async\" class=\"alignnone size-large wp-image-10344\" src=\"https:\/\/agora.xtec.cat\/escola-bernatmetgeelprat\/wp-content\/uploads\/usu186\/2018\/11\/IMG_20181112_151526-1024x768.jpg\" alt=\"\" width=\"1024\" height=\"768\" srcset=\"https:\/\/agora.xtec.cat\/escola-bernatmetgeelprat\/wp-content\/uploads\/usu186\/2018\/11\/IMG_20181112_151526-1024x768.jpg 1024w, https:\/\/agora.xtec.cat\/escola-bernatmetgeelprat\/wp-content\/uploads\/usu186\/2018\/11\/IMG_20181112_151526-300x225.jpg 300w, https:\/\/agora.xtec.cat\/escola-bernatmetgeelprat\/wp-content\/uploads\/usu186\/2018\/11\/IMG_20181112_151526-768x576.jpg 768w, https:\/\/agora.xtec.cat\/escola-bernatmetgeelprat\/wp-content\/uploads\/usu186\/2018\/11\/IMG_20181112_151526-200x150.jpg 200w\" sizes=\"auto, (max-width: 1024px) 100vw, 1024px\" \/><\/a><\/p>\n<p>Article publicat per els alumnes de 5\u00e8<\/p>\n<p>(Av\u00eds: La publicaci\u00f3 d\u2019imatges de l\u2019alumnat de l\u2019escola correspon \u00fanicament a la pr\u00f2pia escola. Per tant, \u00e9s prohibida la difusi\u00f3 o manipulaci\u00f3 en d\u2019altres espais p\u00fablics. Llei org\u00e0nica 1\/1982 de 5 de maig sobre el dret a l\u2019honor, a la pr\u00f2pia intimitat i la pr\u00f2pia imatge.)<\/p>\n","protected":false},"excerpt":{"rendered":"<p>El dilluns 12-11-18 a les 3 de la tarda va venir el Javi, que \u00e9s programador inform\u00e0tic, i ens va explicar com crear un blog, publicar not\u00edcies i editar.<br \/>\nAra ja podem afegir les not\u00edcies\u00a0 de la nostra cooperativa per explicar les coses interessants que anem&hellip;  <a href=\"https:\/\/agora.xtec.cat\/escola-bernatmetgeelprat\/general\/ja-sabem-com-fer-el-blog-de-la-cooperativa\/\" title=\"Read JA SABEM COM FER EL BLOG DE LA COOPERATIVA!!!!\">Llegeix m\u00e9s\u00bb<\/a><\/p>\n","protected":false},"author":1,"featured_media":0,"comment_status":"open","ping_status":"closed","sticky":false,"template":"","format":"standard","meta":{"_bbp_topic_count":0,"_bbp_reply_count":0,"_bbp_total_topic_count":0,"_bbp_total_reply_count":0,"_bbp_voice_count":0,"_bbp_anonymous_reply_count":0,"_bbp_topic_count_hidden":0,"_bbp_reply_count_hidden":0,"_bbp_forum_subforum_count":0,"footnotes":""},"categories":[14,27,56,1,4],"tags":[],"class_list":["post-10343","post","type-post","status-publish","format-standard","hentry","category-5e","category-cicle-superior","category-25-cracks","category-general","category-portada"],"post_mailing_queue_ids":[],"_links":{"self":[{"href":"https:\/\/agora.xtec.cat\/escola-bernatmetgeelprat\/wp-json\/wp\/v2\/posts\/10343","targetHints":{"allow":["GET"]}}],"collection":[{"href":"https:\/\/agora.xtec.cat\/escola-bernatmetgeelprat\/wp-json\/wp\/v2\/posts"}],"about":[{"href":"https:\/\/agora.xtec.cat\/escola-bernatmetgeelprat\/wp-json\/wp\/v2\/types\/post"}],"author":[{"embeddable":true,"href":"https:\/\/agora.xtec.cat\/escola-bernatmetgeelprat\/wp-json\/wp\/v2\/users\/1"}],"replies":[{"embeddable":true,"href":"https:\/\/agora.xtec.cat\/escola-bernatmetgeelprat\/wp-json\/wp\/v2\/comments?post=10343"}],"version-history":[{"count":3,"href":"https:\/\/agora.xtec.cat\/escola-bernatmetgeelprat\/wp-json\/wp\/v2\/posts\/10343\/revisions"}],"predecessor-version":[{"id":10379,"href":"https:\/\/agora.xtec.cat\/escola-bernatmetgeelprat\/wp-json\/wp\/v2\/posts\/10343\/revisions\/10379"}],"wp:attachment":[{"href":"https:\/\/agora.xtec.cat\/escola-bernatmetgeelprat\/wp-json\/wp\/v2\/media?parent=10343"}],"wp:term":[{"taxonomy":"category","embeddable":true,"href":"https:\/\/agora.xtec.cat\/escola-bernatmetgeelprat\/wp-json\/wp\/v2\/categories?post=10343"},{"taxonomy":"post_tag","embeddable":true,"href":"https:\/\/agora.xtec.cat\/escola-bernatmetgeelprat\/wp-json\/wp\/v2\/tags?post=10343"}],"curies":[{"name":"wp","href":"https:\/\/api.w.org\/{rel}","templated":true}]}}