{"id":10280,"date":"2018-11-12T10:34:34","date_gmt":"2018-11-12T09:34:34","guid":{"rendered":"http:\/\/agora.xtec.cat\/escola-bernatmetgeelprat\/?p=10280"},"modified":"2018-11-18T00:33:11","modified_gmt":"2018-11-17T23:33:11","slug":"linkafesta","status":"publish","type":"post","link":"https:\/\/agora.xtec.cat\/escola-bernatmetgeelprat\/portada\/linkafesta\/","title":{"rendered":"LINKAFESTA"},"content":{"rendered":"<p>Aquest dissabte al centre c\u00edvic Jardins de la Pau s&#8217;organitza un any m\u00e9s la LINKAFESTA.<\/p>\n<p>S&#8217;han dissenyat diferents activitats relacionades amb la tecnologia i la ci\u00e8ncia ficci\u00f3 com a protagonistes, i estan adre\u00e7ades al p\u00fablic familiar.<\/p>\n<p>Si voleu gaudir d&#8217;un dissabte divertit i aprofitar per compartir un tastet tecnol\u00f2gic amb les vostres filles i fills aquest cap de setmana,\u00a0 no dubteu a participar-hi, segur que ho passareu molt b\u00e9.<\/p>\n<p><a href=\"https:\/\/www.elprat.cat\/cultura\/centre-civic-jardins-de-la-pau\/linkafesta\"><img loading=\"lazy\" decoding=\"async\" class=\"aligncenter wp-image-10281 size-medium\" src=\"https:\/\/agora.xtec.cat\/escola-bernatmetgeelprat\/wp-content\/uploads\/usu186\/2018\/11\/baixa-300x168.jpg\" alt=\"\" width=\"300\" height=\"168\" \/><\/a><\/p>\n<p>&nbsp;<\/p>\n","protected":false},"excerpt":{"rendered":"<p>Aquest dissabte al centre c\u00edvic Jardins de la Pau s&#8217;organitza un any m\u00e9s la LINKAFESTA.<br \/>\nS&#8217;han dissenyat diferents activitats relacionades amb la tecnologia i la ci\u00e8ncia ficci\u00f3 com a protagonistes, i estan adre\u00e7ades al p\u00fablic familiar.<br \/>\nSi voleu gaudir d&#8217;un dissabte divertit i aprofitar per compartir un&hellip;  <a href=\"https:\/\/agora.xtec.cat\/escola-bernatmetgeelprat\/portada\/linkafesta\/\" title=\"Read LINKAFESTA\">Llegeix m\u00e9s\u00bb<\/a><\/p>\n","protected":false},"author":1,"featured_media":0,"comment_status":"open","ping_status":"closed","sticky":false,"template":"","format":"standard","meta":{"_bbp_topic_count":0,"_bbp_reply_count":0,"_bbp_total_topic_count":0,"_bbp_total_reply_count":0,"_bbp_voice_count":0,"_bbp_anonymous_reply_count":0,"_bbp_topic_count_hidden":0,"_bbp_reply_count_hidden":0,"_bbp_forum_subforum_count":0,"footnotes":""},"categories":[63,4,30],"tags":[],"class_list":["post-10280","post","type-post","status-publish","format-standard","hentry","category-interseccions","category-portada","category-projectes"],"post_mailing_queue_ids":[],"_links":{"self":[{"href":"https:\/\/agora.xtec.cat\/escola-bernatmetgeelprat\/wp-json\/wp\/v2\/posts\/10280","targetHints":{"allow":["GET"]}}],"collection":[{"href":"https:\/\/agora.xtec.cat\/escola-bernatmetgeelprat\/wp-json\/wp\/v2\/posts"}],"about":[{"href":"https:\/\/agora.xtec.cat\/escola-bernatmetgeelprat\/wp-json\/wp\/v2\/types\/post"}],"author":[{"embeddable":true,"href":"https:\/\/agora.xtec.cat\/escola-bernatmetgeelprat\/wp-json\/wp\/v2\/users\/1"}],"replies":[{"embeddable":true,"href":"https:\/\/agora.xtec.cat\/escola-bernatmetgeelprat\/wp-json\/wp\/v2\/comments?post=10280"}],"version-history":[{"count":3,"href":"https:\/\/agora.xtec.cat\/escola-bernatmetgeelprat\/wp-json\/wp\/v2\/posts\/10280\/revisions"}],"predecessor-version":[{"id":10305,"href":"https:\/\/agora.xtec.cat\/escola-bernatmetgeelprat\/wp-json\/wp\/v2\/posts\/10280\/revisions\/10305"}],"wp:attachment":[{"href":"https:\/\/agora.xtec.cat\/escola-bernatmetgeelprat\/wp-json\/wp\/v2\/media?parent=10280"}],"wp:term":[{"taxonomy":"category","embeddable":true,"href":"https:\/\/agora.xtec.cat\/escola-bernatmetgeelprat\/wp-json\/wp\/v2\/categories?post=10280"},{"taxonomy":"post_tag","embeddable":true,"href":"https:\/\/agora.xtec.cat\/escola-bernatmetgeelprat\/wp-json\/wp\/v2\/tags?post=10280"}],"curies":[{"name":"wp","href":"https:\/\/api.w.org\/{rel}","templated":true}]}}