{"id":10216,"date":"2018-10-10T10:51:11","date_gmt":"2018-10-10T08:51:11","guid":{"rendered":"http:\/\/agora.xtec.cat\/escola-bernatmetgeelprat\/?p=10216"},"modified":"2018-10-10T23:31:05","modified_gmt":"2018-10-10T21:31:05","slug":"ambients-educacio-infantil","status":"publish","type":"post","link":"https:\/\/agora.xtec.cat\/escola-bernatmetgeelprat\/infantil\/ambients-educacio-infantil\/","title":{"rendered":"Ambients Educaci\u00f3 Infantil"},"content":{"rendered":"<p>Els nens i nenes d&#8217;Educaci\u00f3 Infantil ja han comen\u00e7at a fer ambients. Aix\u00ed durant les tardes de dimarts i divendres els tres grups (P3, P4 i P5) es barrejaran per experimentar amb les diferents propostes de cada ambient.<\/p>\n<p>Els ambients que realitzaran s\u00f3n: Ambient d&#8217;Art, Ambient de Construccions, Ambient de Disfresses i Teatre i Ambient d&#8217;Experimentaci\u00f3.<\/p>\n<p><a href=\"https:\/\/photos.app.goo.gl\/sb1uXpEjSkpsoHyw7\" target=\"_blank\" rel=\"noopener\"><img loading=\"lazy\" decoding=\"async\" class=\"aligncenter size-full wp-image-10217\" src=\"https:\/\/agora.xtec.cat\/escola-bernatmetgeelprat\/wp-content\/uploads\/usu186\/2018\/10\/IMG_0008-e1539161431273.jpg\" alt=\"\" width=\"2448\" height=\"3264\" srcset=\"https:\/\/agora.xtec.cat\/escola-bernatmetgeelprat\/wp-content\/uploads\/usu186\/2018\/10\/IMG_0008-e1539161431273.jpg 2448w, https:\/\/agora.xtec.cat\/escola-bernatmetgeelprat\/wp-content\/uploads\/usu186\/2018\/10\/IMG_0008-e1539161431273-225x300.jpg 225w, https:\/\/agora.xtec.cat\/escola-bernatmetgeelprat\/wp-content\/uploads\/usu186\/2018\/10\/IMG_0008-e1539161431273-768x1024.jpg 768w\" sizes=\"auto, (max-width: 2448px) 100vw, 2448px\" \/><\/a><\/p>\n<p>Clicant a la imatge podreu accedir a l\u2019\u00e0lbum de fotos dels ambients.<\/p>\n<p>(Av\u00eds: La publicaci\u00f3 d\u2019imatges de l\u2019alumnat de l\u2019escola correspon \u00fanicament a la pr\u00f2pia escola. Per tant, \u00e9s prohibida la difusi\u00f3 o manipulaci\u00f3 en d\u2019altres espais p\u00fablics. Llei org\u00e0nica 1\/1982 de 5 de maig sobre el dret a l\u2019honor, a la pr\u00f2pia intimitat i la pr\u00f2pia imatge.)<\/p>\n","protected":false},"excerpt":{"rendered":"<p>Els nens i nenes d&#8217;Educaci\u00f3 Infantil ja han comen\u00e7at a fer ambients. Aix\u00ed durant les tardes de dimarts i divendres els tres grups (P3, P4 i P5) es barrejaran per experimentar amb les diferents propostes de cada ambient.<br \/>\nEls ambients que realitzaran s\u00f3n: Ambient d&#8217;Art, Ambient&hellip;  <a href=\"https:\/\/agora.xtec.cat\/escola-bernatmetgeelprat\/infantil\/ambients-educacio-infantil\/\" title=\"Read Ambients Educaci\u00f3 Infantil\">Llegeix m\u00e9s\u00bb<\/a><\/p>\n","protected":false},"author":1,"featured_media":10217,"comment_status":"open","ping_status":"closed","sticky":false,"template":"","format":"standard","meta":{"_bbp_topic_count":0,"_bbp_reply_count":0,"_bbp_total_topic_count":0,"_bbp_total_reply_count":0,"_bbp_voice_count":0,"_bbp_anonymous_reply_count":0,"_bbp_topic_count_hidden":0,"_bbp_reply_count_hidden":0,"_bbp_forum_subforum_count":0,"footnotes":""},"categories":[64,2,4,30],"tags":[],"class_list":["post-10216","post","type-post","status-publish","format-standard","has-post-thumbnail","hentry","category-ambients","category-infantil","category-portada","category-projectes"],"post_mailing_queue_ids":[],"_links":{"self":[{"href":"https:\/\/agora.xtec.cat\/escola-bernatmetgeelprat\/wp-json\/wp\/v2\/posts\/10216","targetHints":{"allow":["GET"]}}],"collection":[{"href":"https:\/\/agora.xtec.cat\/escola-bernatmetgeelprat\/wp-json\/wp\/v2\/posts"}],"about":[{"href":"https:\/\/agora.xtec.cat\/escola-bernatmetgeelprat\/wp-json\/wp\/v2\/types\/post"}],"author":[{"embeddable":true,"href":"https:\/\/agora.xtec.cat\/escola-bernatmetgeelprat\/wp-json\/wp\/v2\/users\/1"}],"replies":[{"embeddable":true,"href":"https:\/\/agora.xtec.cat\/escola-bernatmetgeelprat\/wp-json\/wp\/v2\/comments?post=10216"}],"version-history":[{"count":3,"href":"https:\/\/agora.xtec.cat\/escola-bernatmetgeelprat\/wp-json\/wp\/v2\/posts\/10216\/revisions"}],"predecessor-version":[{"id":10220,"href":"https:\/\/agora.xtec.cat\/escola-bernatmetgeelprat\/wp-json\/wp\/v2\/posts\/10216\/revisions\/10220"}],"wp:featuredmedia":[{"embeddable":true,"href":"https:\/\/agora.xtec.cat\/escola-bernatmetgeelprat\/wp-json\/wp\/v2\/media\/10217"}],"wp:attachment":[{"href":"https:\/\/agora.xtec.cat\/escola-bernatmetgeelprat\/wp-json\/wp\/v2\/media?parent=10216"}],"wp:term":[{"taxonomy":"category","embeddable":true,"href":"https:\/\/agora.xtec.cat\/escola-bernatmetgeelprat\/wp-json\/wp\/v2\/categories?post=10216"},{"taxonomy":"post_tag","embeddable":true,"href":"https:\/\/agora.xtec.cat\/escola-bernatmetgeelprat\/wp-json\/wp\/v2\/tags?post=10216"}],"curies":[{"name":"wp","href":"https:\/\/api.w.org\/{rel}","templated":true}]}}