{"id":10166,"date":"2018-09-21T17:27:53","date_gmt":"2018-09-21T15:27:53","guid":{"rendered":"http:\/\/agora.xtec.cat\/escola-bernatmetgeelprat\/?p=10166"},"modified":"2018-09-21T17:28:48","modified_gmt":"2018-09-21T15:28:48","slug":"la-nostra-escola-participa-en-interseccions","status":"publish","type":"post","link":"https:\/\/agora.xtec.cat\/escola-bernatmetgeelprat\/general\/la-nostra-escola-participa-en-interseccions\/","title":{"rendered":"La nostra escola participa en Interseccions"},"content":{"rendered":"<p>La nostra escola participa en el programa Interseccions impulsat per l&#8217;Ajuntament de Llobregat en diferents \u00e0mbits com s\u00f3n la Llengua Anglesa i el cientificot\u00e8cnic.<\/p>\n<p>Per explicar-vos m\u00e9s detalladament com aterrar\u00e0 aquest programa municipal a la nostra escola us deixem aquest document:<\/p>\n<p><a href=\"http:\/\/agora.xtec.cat\/escola-bernatmetgeelprat\/wp-content\/uploads\/usu186\/2018\/09\/R-Escola-Bernat-Metge-.pdf\">R Escola Bernat Metge<\/a><\/p>\n<p>Si llegiu el document us adonareu que aquest curs la nostra escola comptar\u00e0 amb un Auxiliar de conversa en Llengua Anglesa i realitzar\u00e0 projectes conjuntament amb altres escoles i entitats tant de llengua anglesa com de l&#8217;\u00e0mbit cientificot\u00e8cnic.<\/p>\n<p>Us deixem el v\u00eddeo promocional del programa que ens ha fer arribar l&#8217;Ajuntament:<\/p>\n<p><iframe loading=\"lazy\" src=\"https:\/\/www.youtube.com\/embed\/-FOg6XeaGFA\" width=\"560\" height=\"315\" frameborder=\"0\" allowfullscreen=\"allowfullscreen\"><\/iframe><\/p>\n","protected":false},"excerpt":{"rendered":"<p>La nostra escola participa en el programa Interseccions impulsat per l&#8217;Ajuntament de Llobregat en diferents \u00e0mbits com s\u00f3n la Llengua Anglesa i el cientificot\u00e8cnic.<br \/>\nPer explicar-vos m\u00e9s detalladament com aterrar\u00e0 aquest programa municipal a la nostra escola us deixem aquest document:<br \/>\n<a href=\"http:\/\/agora.xtec.cat\/escola-bernatmetgeelprat\/wp-content\/uploads\/usu186\/2018\/09\/R-Escola-Bernat-Metge-.pdf\">R Escola Bernat Metge<\/a><br \/>\nSi llegiu&hellip;  <a href=\"https:\/\/agora.xtec.cat\/escola-bernatmetgeelprat\/general\/la-nostra-escola-participa-en-interseccions\/\" title=\"Read La nostra escola participa en Interseccions\">Llegeix m\u00e9s\u00bb<\/a><\/p>\n","protected":false},"author":1,"featured_media":0,"comment_status":"open","ping_status":"closed","sticky":false,"template":"","format":"standard","meta":{"_bbp_topic_count":0,"_bbp_reply_count":0,"_bbp_total_topic_count":0,"_bbp_total_reply_count":0,"_bbp_voice_count":0,"_bbp_anonymous_reply_count":0,"_bbp_topic_count_hidden":0,"_bbp_reply_count_hidden":0,"_bbp_forum_subforum_count":0,"footnotes":""},"categories":[1,4],"tags":[],"class_list":["post-10166","post","type-post","status-publish","format-standard","hentry","category-general","category-portada"],"post_mailing_queue_ids":[],"_links":{"self":[{"href":"https:\/\/agora.xtec.cat\/escola-bernatmetgeelprat\/wp-json\/wp\/v2\/posts\/10166","targetHints":{"allow":["GET"]}}],"collection":[{"href":"https:\/\/agora.xtec.cat\/escola-bernatmetgeelprat\/wp-json\/wp\/v2\/posts"}],"about":[{"href":"https:\/\/agora.xtec.cat\/escola-bernatmetgeelprat\/wp-json\/wp\/v2\/types\/post"}],"author":[{"embeddable":true,"href":"https:\/\/agora.xtec.cat\/escola-bernatmetgeelprat\/wp-json\/wp\/v2\/users\/1"}],"replies":[{"embeddable":true,"href":"https:\/\/agora.xtec.cat\/escola-bernatmetgeelprat\/wp-json\/wp\/v2\/comments?post=10166"}],"version-history":[{"count":2,"href":"https:\/\/agora.xtec.cat\/escola-bernatmetgeelprat\/wp-json\/wp\/v2\/posts\/10166\/revisions"}],"predecessor-version":[{"id":10169,"href":"https:\/\/agora.xtec.cat\/escola-bernatmetgeelprat\/wp-json\/wp\/v2\/posts\/10166\/revisions\/10169"}],"wp:attachment":[{"href":"https:\/\/agora.xtec.cat\/escola-bernatmetgeelprat\/wp-json\/wp\/v2\/media?parent=10166"}],"wp:term":[{"taxonomy":"category","embeddable":true,"href":"https:\/\/agora.xtec.cat\/escola-bernatmetgeelprat\/wp-json\/wp\/v2\/categories?post=10166"},{"taxonomy":"post_tag","embeddable":true,"href":"https:\/\/agora.xtec.cat\/escola-bernatmetgeelprat\/wp-json\/wp\/v2\/tags?post=10166"}],"curies":[{"name":"wp","href":"https:\/\/api.w.org\/{rel}","templated":true}]}}