{"id":9055,"date":"2024-05-07T12:22:48","date_gmt":"2024-05-07T10:22:48","guid":{"rendered":"https:\/\/agora.xtec.cat\/escola-alcoletge\/?p=9055"},"modified":"2024-05-07T12:23:24","modified_gmt":"2024-05-07T10:23:24","slug":"4t-visita-cardona","status":"publish","type":"post","link":"https:\/\/agora.xtec.cat\/escola-alcoletge\/portada\/4t-visita-cardona\/","title":{"rendered":"4t VISITA CARDONA"},"content":{"rendered":"<p>El passat dijous 2 de maig l&#8217;alumnat de quart vam anar d&#8217;excursi\u00f3 a Cardona.<\/p>\n<p>En primer lloc, vam visitar el Castell de Cardona que amaga la llegenda medieval de la Torre de la Minyona. Despr\u00e9s, vam visitar la Muntanya de Sal i les seves mines, on vam descobrir que va ser una de les mines m\u00e9s important de sal pot\u00e0ssica de tot el m\u00f3n.<\/p>\n<p>Vam aprendre moltes coses interessants!!<\/p>\n<p>Podreu veure les imatges, clicant a la fotografia<\/p>\n<p>L&#8217;alumnat de 4t.\u00a0<a href=\"https:\/\/drive.google.com\/drive\/folders\/16hgbbjgjDiAsR-nF_swzTjGx-gn3C_t_?usp=sharing\"><img loading=\"lazy\" decoding=\"async\" class=\"wp-image-9056 aligncenter\" src=\"https:\/\/agora.xtec.cat\/escola-alcoletge\/wp-content\/uploads\/usu1520\/2024\/05\/Imatge-de-WhatsApp-2024-05-07-a-les-12.05.19_28927e5f-1-768x1024.jpg\" alt=\"\" width=\"146\" height=\"195\" srcset=\"https:\/\/agora.xtec.cat\/escola-alcoletge\/wp-content\/uploads\/usu1520\/2024\/05\/Imatge-de-WhatsApp-2024-05-07-a-les-12.05.19_28927e5f-1-768x1024.jpg 768w, https:\/\/agora.xtec.cat\/escola-alcoletge\/wp-content\/uploads\/usu1520\/2024\/05\/Imatge-de-WhatsApp-2024-05-07-a-les-12.05.19_28927e5f-1-225x300.jpg 225w, https:\/\/agora.xtec.cat\/escola-alcoletge\/wp-content\/uploads\/usu1520\/2024\/05\/Imatge-de-WhatsApp-2024-05-07-a-les-12.05.19_28927e5f-1-1152x1536.jpg 1152w, https:\/\/agora.xtec.cat\/escola-alcoletge\/wp-content\/uploads\/usu1520\/2024\/05\/Imatge-de-WhatsApp-2024-05-07-a-les-12.05.19_28927e5f-1.jpg 1200w\" sizes=\"auto, (max-width: 146px) 100vw, 146px\" \/><\/a><\/p>\n","protected":false},"excerpt":{"rendered":"<p>El passat dijous 2 de maig l&#8217;alumnat de quart vam anar d&#8217;excursi\u00f3 a Cardona.<br \/>\nEn primer lloc, vam visitar el Castell de Cardona que amaga la llegenda medieval de la Torre de la Minyona. Despr\u00e9s, vam visitar la Muntanya de Sal i les seves mines, on&hellip;  <a href=\"https:\/\/agora.xtec.cat\/escola-alcoletge\/portada\/4t-visita-cardona\/\" title=\"Read 4t VISITA CARDONA\">Llegeix m\u00e9s\u00bb<\/a><\/p>\n","protected":false},"author":1,"featured_media":0,"comment_status":"open","ping_status":"closed","sticky":false,"template":"","format":"standard","meta":{"_bbp_topic_count":0,"_bbp_reply_count":0,"_bbp_total_topic_count":0,"_bbp_total_reply_count":0,"_bbp_voice_count":0,"_bbp_anonymous_reply_count":0,"_bbp_topic_count_hidden":0,"_bbp_reply_count_hidden":0,"_bbp_forum_subforum_count":0,"footnotes":""},"categories":[68,13,4,109],"tags":[354,356,220,355,357],"class_list":["post-9055","post","type-post","status-publish","format-standard","hentry","category-4t-a","category-4t-b","category-portada","category-sortides","tag-cardona","tag-castell-de-cardona","tag-excursio","tag-mines-de-sal","tag-quart"],"post_mailing_queue_ids":[],"_links":{"self":[{"href":"https:\/\/agora.xtec.cat\/escola-alcoletge\/wp-json\/wp\/v2\/posts\/9055","targetHints":{"allow":["GET"]}}],"collection":[{"href":"https:\/\/agora.xtec.cat\/escola-alcoletge\/wp-json\/wp\/v2\/posts"}],"about":[{"href":"https:\/\/agora.xtec.cat\/escola-alcoletge\/wp-json\/wp\/v2\/types\/post"}],"author":[{"embeddable":true,"href":"https:\/\/agora.xtec.cat\/escola-alcoletge\/wp-json\/wp\/v2\/users\/1"}],"replies":[{"embeddable":true,"href":"https:\/\/agora.xtec.cat\/escola-alcoletge\/wp-json\/wp\/v2\/comments?post=9055"}],"version-history":[{"count":1,"href":"https:\/\/agora.xtec.cat\/escola-alcoletge\/wp-json\/wp\/v2\/posts\/9055\/revisions"}],"predecessor-version":[{"id":9057,"href":"https:\/\/agora.xtec.cat\/escola-alcoletge\/wp-json\/wp\/v2\/posts\/9055\/revisions\/9057"}],"wp:attachment":[{"href":"https:\/\/agora.xtec.cat\/escola-alcoletge\/wp-json\/wp\/v2\/media?parent=9055"}],"wp:term":[{"taxonomy":"category","embeddable":true,"href":"https:\/\/agora.xtec.cat\/escola-alcoletge\/wp-json\/wp\/v2\/categories?post=9055"},{"taxonomy":"post_tag","embeddable":true,"href":"https:\/\/agora.xtec.cat\/escola-alcoletge\/wp-json\/wp\/v2\/tags?post=9055"}],"curies":[{"name":"wp","href":"https:\/\/api.w.org\/{rel}","templated":true}]}}