{"id":8913,"date":"2024-04-02T15:40:45","date_gmt":"2024-04-02T13:40:45","guid":{"rendered":"https:\/\/agora.xtec.cat\/escola-alcoletge\/?p=8913"},"modified":"2024-04-04T13:27:27","modified_gmt":"2024-04-04T11:27:27","slug":"a-cicle-mitja-vam-celebrar-la-pasqua","status":"publish","type":"post","link":"https:\/\/agora.xtec.cat\/escola-alcoletge\/portada\/a-cicle-mitja-vam-celebrar-la-pasqua\/","title":{"rendered":"A Cicle Mitj\u00e0 vam celebrar la Pasqua!"},"content":{"rendered":"<p>El divendres 22 de mar\u00e7 va ser l&#8217;\u00faltim dia del segon trimestre i l&#8217;alumnat de cicle mitj\u00e0 vam aprofitar per celebrar la Pasqua. Ho vam fer anant d&#8217;excursi\u00f3 al Tossal de la Nora, all\u00ed vam buscar ous de Pasqua i vam esmorzar. A la tornada i a la tarda, els mestres ens van preparar la classe com un cinema aut\u00e8ntic, vam poder escollir l&#8217;entrada per una de les quatre pel\u00b7l\u00edcules que hi havia a les diferents sales i vam menjar palometes.<\/p>\n<p>Vam gaudir molt\u00edssim! Feu clic a la imatge per veure les fotos.<\/p>\n<p><a href=\"https:\/\/drive.google.com\/drive\/folders\/1EjfdsGUBd038qhHLkvYG0fhXMVsz3F2z?usp=sharing\"><img loading=\"lazy\" decoding=\"async\" class=\"aligncenter\" src=\"https:\/\/www.focnou.cat\/wp-content\/uploads\/2023\/03\/2023-04-01-Pintar-ous-de-Pasqua-Lucia-Montobbio.jpg\" alt=\"Pintar ous de Pasqua \u2013 Foc Nou\" width=\"258\" height=\"145\" \/><\/a><\/p>\n","protected":false},"excerpt":{"rendered":"<p>El divendres 22 de mar\u00e7 va ser l&#8217;\u00faltim dia del segon trimestre i l&#8217;alumnat de cicle mitj\u00e0 vam aprofitar per celebrar la Pasqua. Ho vam fer anant d&#8217;excursi\u00f3 al Tossal de la Nora, all\u00ed vam buscar ous de Pasqua i vam esmorzar. A la tornada&hellip;  <a href=\"https:\/\/agora.xtec.cat\/escola-alcoletge\/portada\/a-cicle-mitja-vam-celebrar-la-pasqua\/\" title=\"Read A Cicle Mitj\u00e0 vam celebrar la Pasqua!\">Llegeix m\u00e9s\u00bb<\/a><\/p>\n","protected":false},"author":1,"featured_media":0,"comment_status":"open","ping_status":"closed","sticky":false,"template":"","format":"standard","meta":{"_bbp_topic_count":0,"_bbp_reply_count":0,"_bbp_total_topic_count":0,"_bbp_total_reply_count":0,"_bbp_voice_count":0,"_bbp_anonymous_reply_count":0,"_bbp_topic_count_hidden":0,"_bbp_reply_count_hidden":0,"_bbp_forum_subforum_count":0,"footnotes":""},"categories":[12,84,68,13,87,4],"tags":[348,349,350,351,293,220,277],"class_list":["post-8913","post","type-post","status-publish","format-standard","hentry","category-3r-a","category-3r-b","category-4t-a","category-4t-b","category-cicle-mitja","category-portada","tag-3r-a","tag-3r-b","tag-4t-a","tag-4t-b","tag-cicle-mitja","tag-excursio","tag-pasqua"],"post_mailing_queue_ids":[],"_links":{"self":[{"href":"https:\/\/agora.xtec.cat\/escola-alcoletge\/wp-json\/wp\/v2\/posts\/8913","targetHints":{"allow":["GET"]}}],"collection":[{"href":"https:\/\/agora.xtec.cat\/escola-alcoletge\/wp-json\/wp\/v2\/posts"}],"about":[{"href":"https:\/\/agora.xtec.cat\/escola-alcoletge\/wp-json\/wp\/v2\/types\/post"}],"author":[{"embeddable":true,"href":"https:\/\/agora.xtec.cat\/escola-alcoletge\/wp-json\/wp\/v2\/users\/1"}],"replies":[{"embeddable":true,"href":"https:\/\/agora.xtec.cat\/escola-alcoletge\/wp-json\/wp\/v2\/comments?post=8913"}],"version-history":[{"count":1,"href":"https:\/\/agora.xtec.cat\/escola-alcoletge\/wp-json\/wp\/v2\/posts\/8913\/revisions"}],"predecessor-version":[{"id":8914,"href":"https:\/\/agora.xtec.cat\/escola-alcoletge\/wp-json\/wp\/v2\/posts\/8913\/revisions\/8914"}],"wp:attachment":[{"href":"https:\/\/agora.xtec.cat\/escola-alcoletge\/wp-json\/wp\/v2\/media?parent=8913"}],"wp:term":[{"taxonomy":"category","embeddable":true,"href":"https:\/\/agora.xtec.cat\/escola-alcoletge\/wp-json\/wp\/v2\/categories?post=8913"},{"taxonomy":"post_tag","embeddable":true,"href":"https:\/\/agora.xtec.cat\/escola-alcoletge\/wp-json\/wp\/v2\/tags?post=8913"}],"curies":[{"name":"wp","href":"https:\/\/api.w.org\/{rel}","templated":true}]}}